{"id":8874,"date":"2025-01-27T08:14:15","date_gmt":"2025-01-27T08:14:15","guid":{"rendered":"https:\/\/ccib.ro\/afacerea\/?p=8874"},"modified":"2025-01-27T08:15:24","modified_gmt":"2025-01-27T08:15:24","slug":"orange-romania-inca-patru-noi-start-up-uri-incluse-in-programul-de-accelerare-orange-fab","status":"publish","type":"post","link":"https:\/\/revista-afacerea.ro\/afacerea\/orange-romania-inca-patru-noi-start-up-uri-incluse-in-programul-de-accelerare-orange-fab\/","title":{"rendered":"Orange Rom\u00e2nia: \u00cenc\u0103 patru noi start-up-uri incluse \u00een programul de accelerare Orange Fab"},"content":{"rendered":"<div class=\"pdfprnt-buttons pdfprnt-buttons-post pdfprnt-top-right\"><a href=\"https:\/\/revista-afacerea.ro\/afacerea\/wp-json\/wp\/v2\/posts\/8874?print=pdf\" class=\"pdfprnt-button pdfprnt-button-pdf\" target=\"_blank\"><img decoding=\"async\" src=\"https:\/\/ccib.ro\/afacerea\/wp-content\/plugins\/pdf-print\/images\/pdf.png\" alt=\"image_pdf\" title=\"View PDF\" \/><\/a><a href=\"https:\/\/revista-afacerea.ro\/afacerea\/wp-json\/wp\/v2\/posts\/8874?print=print\" class=\"pdfprnt-button pdfprnt-button-print\" target=\"_blank\"><img decoding=\"async\" src=\"https:\/\/ccib.ro\/afacerea\/wp-content\/plugins\/pdf-print\/images\/print.png\" alt=\"image_print\" title=\"Print Content\" \/><\/a><\/div><p>\u00cen urma celui mai recent apel de proiecte la care s-au \u00eenscris 30 de start-up-uri, Orange Romania a selectat patru companii care au dezvoltat solu\u021bii inovatoare, pentru a fi incluse \u00een programul de accelerare Orange Fab.<\/p>\n<p>Potrivit unui comunicat de pres\u0103 emis de Orange Rom\u00e2nia, <a href=\"https:\/\/www.dotlumen.com\/?ref=newsroom.orange.ro\"><strong>.lumen<\/strong><\/a> \u2013 primul startup rom\u00e2nesc finan\u021bat de Consiliul European pentru Inovare (EIC Accelerator) \u2013 dezvolt\u0103 ochelari pentru nev\u0103z\u0103tori, o solu\u021bie avansat\u0103 de mobilitate, care folose\u0219te inteligen\u021ba artificial\u0103 \u0219i robotica, replic\u00e2nd func\u021bionalitatea unei ma\u0219ini autonome, pentru a ghida persoanele \u00een mediul pedestrian. Solu\u021bia \u00een\u021belege mediul, obiectele, pozi\u021bia \u0219i mi\u0219carea acestora \u00een 3D, calculeaz\u0103 c\u0103ile de interac\u021biune c\u0103tre obiectele dorite sau, \u00een general, \u00een func\u021bie de context \u0219i transmite informa\u021bii nev\u0103z\u0103torilor folosind impulsuri haptice \u0219i auditive.<\/p>\n<p>Un alt start-up selectat, <a href=\"https:\/\/procesio.com\/?ref=newsroom.orange.ro\"><strong>PROCESIO<\/strong><\/a>, este o platform\u0103 de automatizare modern\u0103, care ofer\u0103 companiilor posibilitatea de a simplifica fluxurile de lucru, de a integra sisteme \u0219i de a automatiza procesele rapid \u0219i eficient. Indiferent dac\u0103 este vorba de exper\u021bi tehnici sau utilizatori non-tehnici, PROCESIO se adapteaz\u0103 nevoilor diverse, permi\u021b\u00e2nd solu\u021bii personalizate care reduc costurile \u0219i accelereaz\u0103 opera\u021biunile \u00een diferite industrii.<\/p>\n<p><a href=\"https:\/\/ogre.ai\/ro?ref=newsroom.orange.ro\"><strong>Ogre.ai<\/strong><\/a> este o platform\u0103 specializat\u0103 care se adreseaz\u0103 companiilor mari \u0219i medii din domeniul energetic. Cu ajutorul tehnologiilor de inteligen\u021b\u0103 artificial\u0103 \u0219i \u00eenv\u0103\u021bare automat\u0103, Ogre.ai genereaz\u0103 prognoze precise at\u00e2t pentru produc\u021bia, consumul, cererea de energie la sta\u021biile de \u00eenc\u0103rcare a ma\u0219inilor electrice, cat \u0219i pentru evaluarea pierderilor \u00een sectoare precum electricitate, gaz \u0219i apa. Prin solu\u021biile sale, Ogre \u00eembun\u0103t\u0103\u021be\u0219te planificarea strategic\u0103, reduce riscurile financiare \u0219i cre\u0219te eficien\u021ba opera\u021bional\u0103.<\/p>\n<p><a href=\"https:\/\/xfleet.io\/?ref=newsroom.orange.ro\"><strong>Xfleet<\/strong><\/a> este o platform\u0103 care integreaz\u0103 mai multe sisteme \u00eentr-o singur\u0103 solu\u021bie bazat\u0103 pe cloud: rutare, GPS Logistics Cloud Analytics, adaptat\u0103 la patru sectoare distincte: Last Mile Delivery, Heavy Truck TMS, Field Dispatch \u0219i Smart Waste Management. Compania inoveaz\u0103 prin integrarea tehnologiilor emergente, cum ar fi senzorii IoT \u0219i AI, pentru informa\u021bii \u00een timp real \u0219i analize predictive. Cu o arhitectur\u0103 modular\u0103, conectivitate mobil\u0103 \u0219i module 4G, se integreaz\u0103 u\u0219or \u0219i ofer\u0103 instrumente de colaborare pentru companii.<\/p>\n<p>Conform sursei citate, prin al\u0103turarea celor patru companii din domeniul tehnologic, acceleratorul Orange Fab ajunge la 54 de start-up-uri \u00eenscrise \u00een program din 2017 \u0219i p\u00e2n\u0103 \u00een prezent. \u00cen cei 7 ani, Orange Fab \u0219i-a extins constant domeniile de activitate, viz\u00e2nd direc\u021bii precum re\u021belele 5G \u0219i re\u021belele viitorului, IoT \u0219i obiecte conectate, smart city \u0219i mobilitate, smart retail, media \u0219i divertisment, s\u0103n\u0103tate \u0219i educa\u021bie digital\u0103. Orange Fab a achizi\u021bionat, p\u00e2n\u0103 \u00een prezent, produse \u0219i servicii \u00een valoare de 2,6 milioane de euro de la startupurile \u00eencluse \u00een program, implement\u00e2nd al\u0103turi de acestea peste 120 de proiecte.<\/p>\n<p>\u00cen cadrul Orange Fab, toate start-up-urile beneficiaz\u0103 de mentorat pentru dezvoltarea produselor \u0219i definitivarea planului de afaceri al\u0103turi de exper\u021bii Orange \u0219i primesc suport pentru granturi de cercetare \u0219i pentru implementarea proiectelor pilot al\u0103turi de companii \u0219i de autorit\u0103\u021bile publice. De asemenea, au acces \u00een laboratorul Orange 5G Lab la echipamente \u0219i tehnologii de comunica\u021bii de ultim\u0103 genera\u021bie, pentru testarea \u0219i optimizarea solu\u021biilor bazate pe tehnologiile 5G \u0219i IoT.<\/p>\n<p style=\"text-align: right;\"><strong>C. \u0218ERB\u0102NESCU<br \/>\n<\/strong><a href=\"mailto:cristina.serbanescu@ccib.ro\"><strong>cristina.serbanescu@ccib.ro<\/strong><\/a><\/p>\n","protected":false},"excerpt":{"rendered":"<p>\u00cen urma celui mai recent apel de proiecte la care s-au \u00eenscris 30 de start-up-uri, Orange Romania a selectat patru companii care au dezvoltat solu\u021bii inovatoare, pentru a fi incluse \u00een programul de accelerare Orange Fab. Potrivit unui comunicat de pres\u0103 emis de Orange Rom\u00e2nia, .lumen \u2013 primul start-up rom\u00e2nesc finan\u021bat de Consiliul European pentru Inovare (EIC Accelerator) \u2013 dezvolt\u0103 ochelari pentru nev\u0103z\u0103tori, o solu\u021bie avansat\u0103 de mobilitate, care folose\u0219te inteligen\u021ba artificial\u0103 \u0219i robotica, replic\u00e2nd func\u021bionalitatea unei ma\u0219ini autonome, pentru a ghida persoanele \u00een mediul&#8230;<\/p>\n","protected":false},"author":2,"featured_media":0,"comment_status":"closed","ping_status":"closed","sticky":false,"template":"","format":"standard","meta":{"_acf_changed":false,"footnotes":""},"categories":[9],"tags":[],"class_list":["post-8874","post","type-post","status-publish","format-standard","hentry","category-companii","issue-serie-noua-nr-41-15-01-01-2025-14-02-2025"],"acf":[],"yoast_head":"<!-- This site is optimized with the Yoast SEO plugin v24.4 - https:\/\/yoast.com\/wordpress\/plugins\/seo\/ -->\n<title>Orange Rom\u00e2nia: \u00cenc\u0103 patru noi start-up-uri incluse \u00een programul de accelerare Orange Fab - Afacerea<\/title>\n<meta name=\"robots\" content=\"index, follow, max-snippet:-1, max-image-preview:large, max-video-preview:-1\" \/>\n<link rel=\"canonical\" href=\"https:\/\/revista-afacerea.ro\/afacerea\/orange-romania-inca-patru-noi-start-up-uri-incluse-in-programul-de-accelerare-orange-fab\/\" \/>\n<meta property=\"og:locale\" content=\"ro_RO\" \/>\n<meta property=\"og:type\" content=\"article\" \/>\n<meta property=\"og:title\" content=\"Orange Rom\u00e2nia: \u00cenc\u0103 patru noi start-up-uri incluse \u00een programul de accelerare Orange Fab - Afacerea\" \/>\n<meta property=\"og:description\" content=\"\u00cen urma celui mai recent apel de proiecte la care s-au \u00eenscris 30 de start-up-uri, Orange Romania a selectat patru companii care au dezvoltat solu\u021bii inovatoare, pentru a fi incluse \u00een programul de accelerare Orange Fab. Potrivit unui comunicat de pres\u0103 emis de Orange Rom\u00e2nia, .lumen \u2013 primul start-up rom\u00e2nesc finan\u021bat de Consiliul European pentru Inovare (EIC Accelerator) \u2013 dezvolt\u0103 ochelari pentru nev\u0103z\u0103tori, o solu\u021bie avansat\u0103 de mobilitate, care folose\u0219te inteligen\u021ba artificial\u0103 \u0219i robotica, replic\u00e2nd func\u021bionalitatea unei ma\u0219ini autonome, pentru a ghida persoanele \u00een mediul...\" \/>\n<meta property=\"og:url\" content=\"https:\/\/revista-afacerea.ro\/afacerea\/orange-romania-inca-patru-noi-start-up-uri-incluse-in-programul-de-accelerare-orange-fab\/\" \/>\n<meta property=\"og:site_name\" content=\"Afacerea\" \/>\n<meta property=\"article:published_time\" content=\"2025-01-27T08:14:15+00:00\" \/>\n<meta property=\"article:modified_time\" content=\"2025-01-27T08:15:24+00:00\" \/>\n<meta property=\"og:image\" content=\"https:\/\/revista-afacerea.ro\/afacerea\/wp-content\/uploads\/2021\/01\/facebook-cover.png\" \/>\n\t<meta property=\"og:image:width\" content=\"1200\" \/>\n\t<meta property=\"og:image:height\" content=\"630\" \/>\n\t<meta property=\"og:image:type\" content=\"image\/png\" \/>\n<meta name=\"author\" content=\"\u0218erb\u0103nescu Cristina\" \/>\n<meta name=\"twitter:card\" content=\"summary_large_image\" \/>\n<meta name=\"twitter:label1\" content=\"Scris de\" \/>\n\t<meta name=\"twitter:data1\" content=\"\u0218erb\u0103nescu Cristina\" \/>\n\t<meta name=\"twitter:label2\" content=\"Timp estimat pentru citire\" \/>\n\t<meta name=\"twitter:data2\" content=\"3 minute\" \/>\n<script type=\"application\/ld+json\" class=\"yoast-schema-graph\">{\"@context\":\"https:\/\/schema.org\",\"@graph\":[{\"@type\":\"WebPage\",\"@id\":\"https:\/\/revista-afacerea.ro\/afacerea\/orange-romania-inca-patru-noi-start-up-uri-incluse-in-programul-de-accelerare-orange-fab\/\",\"url\":\"https:\/\/revista-afacerea.ro\/afacerea\/orange-romania-inca-patru-noi-start-up-uri-incluse-in-programul-de-accelerare-orange-fab\/\",\"name\":\"Orange Rom\u00e2nia: \u00cenc\u0103 patru noi start-up-uri incluse \u00een programul de accelerare Orange Fab - Afacerea\",\"isPartOf\":{\"@id\":\"https:\/\/revista-afacerea.ro\/afacerea\/#website\"},\"datePublished\":\"2025-01-27T08:14:15+00:00\",\"dateModified\":\"2025-01-27T08:15:24+00:00\",\"author\":{\"@id\":\"https:\/\/revista-afacerea.ro\/afacerea\/#\/schema\/person\/ceb65c8cc8ed64d512809cf287a5c09f\"},\"breadcrumb\":{\"@id\":\"https:\/\/revista-afacerea.ro\/afacerea\/orange-romania-inca-patru-noi-start-up-uri-incluse-in-programul-de-accelerare-orange-fab\/#breadcrumb\"},\"inLanguage\":\"ro-RO\",\"potentialAction\":[{\"@type\":\"ReadAction\",\"target\":[\"https:\/\/revista-afacerea.ro\/afacerea\/orange-romania-inca-patru-noi-start-up-uri-incluse-in-programul-de-accelerare-orange-fab\/\"]}]},{\"@type\":\"BreadcrumbList\",\"@id\":\"https:\/\/revista-afacerea.ro\/afacerea\/orange-romania-inca-patru-noi-start-up-uri-incluse-in-programul-de-accelerare-orange-fab\/#breadcrumb\",\"itemListElement\":[{\"@type\":\"ListItem\",\"position\":1,\"name\":\"Prima pagin\u0103\",\"item\":\"https:\/\/revista-afacerea.ro\/afacerea\/?issue=serie-noua-nr-41-15-01-01-2025-14-02-2025\"},{\"@type\":\"ListItem\",\"position\":2,\"name\":\"Orange Rom\u00e2nia: \u00cenc\u0103 patru noi start-up-uri incluse \u00een programul de accelerare Orange Fab\"}]},{\"@type\":\"WebSite\",\"@id\":\"https:\/\/revista-afacerea.ro\/afacerea\/#website\",\"url\":\"https:\/\/revista-afacerea.ro\/afacerea\/\",\"name\":\"Afacerea\",\"description\":\"\",\"potentialAction\":[{\"@type\":\"SearchAction\",\"target\":{\"@type\":\"EntryPoint\",\"urlTemplate\":\"https:\/\/revista-afacerea.ro\/afacerea\/?s={search_term_string}\"},\"query-input\":{\"@type\":\"PropertyValueSpecification\",\"valueRequired\":true,\"valueName\":\"search_term_string\"}}],\"inLanguage\":\"ro-RO\"},{\"@type\":\"Person\",\"@id\":\"https:\/\/revista-afacerea.ro\/afacerea\/#\/schema\/person\/ceb65c8cc8ed64d512809cf287a5c09f\",\"name\":\"\u0218erb\u0103nescu Cristina\",\"image\":{\"@type\":\"ImageObject\",\"inLanguage\":\"ro-RO\",\"@id\":\"https:\/\/revista-afacerea.ro\/afacerea\/#\/schema\/person\/image\/\",\"url\":\"https:\/\/secure.gravatar.com\/avatar\/4cd5c0bd17d39883f148ea9bb5d3745b?s=96&d=mm&r=g\",\"contentUrl\":\"https:\/\/secure.gravatar.com\/avatar\/4cd5c0bd17d39883f148ea9bb5d3745b?s=96&d=mm&r=g\",\"caption\":\"\u0218erb\u0103nescu Cristina\"},\"url\":\"https:\/\/revista-afacerea.ro\/afacerea\/author\/cristina-serbanescu\/\"}]}<\/script>\n<!-- \/ Yoast SEO plugin. -->","yoast_head_json":{"title":"Orange Rom\u00e2nia: \u00cenc\u0103 patru noi start-up-uri incluse \u00een programul de accelerare Orange Fab - Afacerea","robots":{"index":"index","follow":"follow","max-snippet":"max-snippet:-1","max-image-preview":"max-image-preview:large","max-video-preview":"max-video-preview:-1"},"canonical":"https:\/\/revista-afacerea.ro\/afacerea\/orange-romania-inca-patru-noi-start-up-uri-incluse-in-programul-de-accelerare-orange-fab\/","og_locale":"ro_RO","og_type":"article","og_title":"Orange Rom\u00e2nia: \u00cenc\u0103 patru noi start-up-uri incluse \u00een programul de accelerare Orange Fab - Afacerea","og_description":"\u00cen urma celui mai recent apel de proiecte la care s-au \u00eenscris 30 de start-up-uri, Orange Romania a selectat patru companii care au dezvoltat solu\u021bii inovatoare, pentru a fi incluse \u00een programul de accelerare Orange Fab. Potrivit unui comunicat de pres\u0103 emis de Orange Rom\u00e2nia, .lumen \u2013 primul start-up rom\u00e2nesc finan\u021bat de Consiliul European pentru Inovare (EIC Accelerator) \u2013 dezvolt\u0103 ochelari pentru nev\u0103z\u0103tori, o solu\u021bie avansat\u0103 de mobilitate, care folose\u0219te inteligen\u021ba artificial\u0103 \u0219i robotica, replic\u00e2nd func\u021bionalitatea unei ma\u0219ini autonome, pentru a ghida persoanele \u00een mediul...","og_url":"https:\/\/revista-afacerea.ro\/afacerea\/orange-romania-inca-patru-noi-start-up-uri-incluse-in-programul-de-accelerare-orange-fab\/","og_site_name":"Afacerea","article_published_time":"2025-01-27T08:14:15+00:00","article_modified_time":"2025-01-27T08:15:24+00:00","og_image":[{"width":1200,"height":630,"url":"https:\/\/revista-afacerea.ro\/afacerea\/wp-content\/uploads\/2021\/01\/facebook-cover.png","type":"image\/png"}],"author":"\u0218erb\u0103nescu Cristina","twitter_card":"summary_large_image","twitter_misc":{"Scris de":"\u0218erb\u0103nescu Cristina","Timp estimat pentru citire":"3 minute"},"schema":{"@context":"https:\/\/schema.org","@graph":[{"@type":"WebPage","@id":"https:\/\/revista-afacerea.ro\/afacerea\/orange-romania-inca-patru-noi-start-up-uri-incluse-in-programul-de-accelerare-orange-fab\/","url":"https:\/\/revista-afacerea.ro\/afacerea\/orange-romania-inca-patru-noi-start-up-uri-incluse-in-programul-de-accelerare-orange-fab\/","name":"Orange Rom\u00e2nia: \u00cenc\u0103 patru noi start-up-uri incluse \u00een programul de accelerare Orange Fab - Afacerea","isPartOf":{"@id":"https:\/\/revista-afacerea.ro\/afacerea\/#website"},"datePublished":"2025-01-27T08:14:15+00:00","dateModified":"2025-01-27T08:15:24+00:00","author":{"@id":"https:\/\/revista-afacerea.ro\/afacerea\/#\/schema\/person\/ceb65c8cc8ed64d512809cf287a5c09f"},"breadcrumb":{"@id":"https:\/\/revista-afacerea.ro\/afacerea\/orange-romania-inca-patru-noi-start-up-uri-incluse-in-programul-de-accelerare-orange-fab\/#breadcrumb"},"inLanguage":"ro-RO","potentialAction":[{"@type":"ReadAction","target":["https:\/\/revista-afacerea.ro\/afacerea\/orange-romania-inca-patru-noi-start-up-uri-incluse-in-programul-de-accelerare-orange-fab\/"]}]},{"@type":"BreadcrumbList","@id":"https:\/\/revista-afacerea.ro\/afacerea\/orange-romania-inca-patru-noi-start-up-uri-incluse-in-programul-de-accelerare-orange-fab\/#breadcrumb","itemListElement":[{"@type":"ListItem","position":1,"name":"Prima pagin\u0103","item":"https:\/\/revista-afacerea.ro\/afacerea\/?issue=serie-noua-nr-41-15-01-01-2025-14-02-2025"},{"@type":"ListItem","position":2,"name":"Orange Rom\u00e2nia: \u00cenc\u0103 patru noi start-up-uri incluse \u00een programul de accelerare Orange Fab"}]},{"@type":"WebSite","@id":"https:\/\/revista-afacerea.ro\/afacerea\/#website","url":"https:\/\/revista-afacerea.ro\/afacerea\/","name":"Afacerea","description":"","potentialAction":[{"@type":"SearchAction","target":{"@type":"EntryPoint","urlTemplate":"https:\/\/revista-afacerea.ro\/afacerea\/?s={search_term_string}"},"query-input":{"@type":"PropertyValueSpecification","valueRequired":true,"valueName":"search_term_string"}}],"inLanguage":"ro-RO"},{"@type":"Person","@id":"https:\/\/revista-afacerea.ro\/afacerea\/#\/schema\/person\/ceb65c8cc8ed64d512809cf287a5c09f","name":"\u0218erb\u0103nescu Cristina","image":{"@type":"ImageObject","inLanguage":"ro-RO","@id":"https:\/\/revista-afacerea.ro\/afacerea\/#\/schema\/person\/image\/","url":"https:\/\/secure.gravatar.com\/avatar\/4cd5c0bd17d39883f148ea9bb5d3745b?s=96&d=mm&r=g","contentUrl":"https:\/\/secure.gravatar.com\/avatar\/4cd5c0bd17d39883f148ea9bb5d3745b?s=96&d=mm&r=g","caption":"\u0218erb\u0103nescu Cristina"},"url":"https:\/\/revista-afacerea.ro\/afacerea\/author\/cristina-serbanescu\/"}]}},"_links":{"self":[{"href":"https:\/\/revista-afacerea.ro\/afacerea\/wp-json\/wp\/v2\/posts\/8874","targetHints":{"allow":["GET"]}}],"collection":[{"href":"https:\/\/revista-afacerea.ro\/afacerea\/wp-json\/wp\/v2\/posts"}],"about":[{"href":"https:\/\/revista-afacerea.ro\/afacerea\/wp-json\/wp\/v2\/types\/post"}],"author":[{"embeddable":true,"href":"https:\/\/revista-afacerea.ro\/afacerea\/wp-json\/wp\/v2\/users\/2"}],"replies":[{"embeddable":true,"href":"https:\/\/revista-afacerea.ro\/afacerea\/wp-json\/wp\/v2\/comments?post=8874"}],"version-history":[{"count":2,"href":"https:\/\/revista-afacerea.ro\/afacerea\/wp-json\/wp\/v2\/posts\/8874\/revisions"}],"predecessor-version":[{"id":8876,"href":"https:\/\/revista-afacerea.ro\/afacerea\/wp-json\/wp\/v2\/posts\/8874\/revisions\/8876"}],"wp:attachment":[{"href":"https:\/\/revista-afacerea.ro\/afacerea\/wp-json\/wp\/v2\/media?parent=8874"}],"wp:term":[{"taxonomy":"category","embeddable":true,"href":"https:\/\/revista-afacerea.ro\/afacerea\/wp-json\/wp\/v2\/categories?post=8874"},{"taxonomy":"post_tag","embeddable":true,"href":"https:\/\/revista-afacerea.ro\/afacerea\/wp-json\/wp\/v2\/tags?post=8874"}],"curies":[{"name":"wp","href":"https:\/\/api.w.org\/{rel}","templated":true}]}}