{"id":8672,"date":"2024-11-15T09:12:28","date_gmt":"2024-11-15T09:12:28","guid":{"rendered":"https:\/\/ccib.ro\/afacerea\/?p=8672"},"modified":"2024-11-15T09:16:02","modified_gmt":"2024-11-15T09:16:02","slug":"participarea-presedintelui-ccib-iuliu-stocklosa-la-evenimentul-de-lansare-a-patronatului-pentru-dezvoltare-durabila-romania-republica-moldova-pddrm-la-chisinau","status":"publish","type":"post","link":"https:\/\/revista-afacerea.ro\/afacerea\/participarea-presedintelui-ccib-iuliu-stocklosa-la-evenimentul-de-lansare-a-patronatului-pentru-dezvoltare-durabila-romania-republica-moldova-pddrm-la-chisinau\/","title":{"rendered":"Participarea pre\u0219edintelui CCIB, Iuliu Stocklosa, la evenimentul de lansare a Patronatului pentru Dezvoltare Durabil\u0103 Rom\u00e2nia  \u2013 Republica Moldova (PDDRM), la Chi\u0219in\u0103u"},"content":{"rendered":"<div class=\"pdfprnt-buttons pdfprnt-buttons-post pdfprnt-top-right\"><a href=\"https:\/\/revista-afacerea.ro\/afacerea\/wp-json\/wp\/v2\/posts\/8672?print=pdf\" class=\"pdfprnt-button pdfprnt-button-pdf\" target=\"_blank\"><img decoding=\"async\" src=\"https:\/\/ccib.ro\/afacerea\/wp-content\/plugins\/pdf-print\/images\/pdf.png\" alt=\"image_pdf\" title=\"View PDF\" \/><\/a><a href=\"https:\/\/revista-afacerea.ro\/afacerea\/wp-json\/wp\/v2\/posts\/8672?print=print\" class=\"pdfprnt-button pdfprnt-button-print\" target=\"_blank\"><img decoding=\"async\" src=\"https:\/\/ccib.ro\/afacerea\/wp-content\/plugins\/pdf-print\/images\/print.png\" alt=\"image_print\" title=\"Print Content\" \/><\/a><\/div><p>Dup\u0103 ce la jum\u0103tatea lunii mai, Palatul CCIB a g\u0103zduit Conferin\u021ba \u201cPDDRM Planul Economic Multianual Rom\u00e2nia &#8211; Republica Moldova\u201d \u0219i lansarea \u00een \u021bara noastr\u0103 a Patronatului pentru Dezvoltare Durabil\u0103 Rom\u00e2nia \u2013 Republica Moldova (PDDRM), la care pre\u0219edintele CCIB, Iuliu Stocklosa, a participat at\u00e2t \u00een calitate de gazd\u0103, c\u00e2t \u0219i de vicepre\u0219edinte PDDRM, \u00een a doua parte a lunii septembrie a fost organizat\u0103 la Chi\u0219in\u0103u Conferin\u021ba \u201eCooperare Economic\u0103 Transfrontalier\u0103 &#8211; Consolidarea Parteneriatelor pentru Dezvoltare Durabil\u0103\u201d, \u00een cadrul c\u0103reia a avut loc \u0219i lansarea \u00een Republica Moldova a PDDRM.<\/p>\n<p>Pre\u0219edintele CCIB, Iuliu Stocklosa, a participat la dezbaterile din Sesiunea 1, \u201eCooperarea Bilateral\u0103 \u0219i Transfrontalier\u0103\u201d, al\u0103turi de demnitari \u0219i alte personalit\u0103\u021bi din R. Moldova, respectiv: Victor Parlicov, ministrul energiei; Andrei Chistol, secretar de stat, Ministerul Culturii; Grigorie Stratulat, secretar de stat, Ministerul Mediului; Sergiu Harea, pre\u0219edintele Camerei de Comer\u021b \u0219i Industrie, precum \u0219i din \u021bara noastr\u0103: Daniel Constantin Moraru, pre\u0219edintele Uniunii Na\u021bionale a Patronatului Rom\u00e2n &#8211; Regiunea Sud-Est \u0219i Sorin Chiri\u021b\u0103, pre\u0219edintele PDDRM \u0219i pre\u0219edintele Asocia\u021biei pentru Dezvoltare Regional\u0103.<\/p>\n<p>\u00cen alocu\u021biunea sa, Iuliu Stocklosa a prezentat participan\u021bilor la Conferin\u021b\u0103 locul \u0219i rolul CCIB \u00een sistemul cameral din Rom\u00e2nia, ac\u021biunile recente organizate sau la care a fost prezent\u0103 Camera din Bucure\u0219ti \u00een scopul promov\u0103rii rela\u021biilor comerciale \u0219i economice dintre cele dou\u0103 state, amintind \u201dZiua Oportunit\u0103\u021bilor de Afaceri (ZOA &#8211; R.Moldova)\u201d, eveniment marca CCIB, precum \u0219i participarea la Forumul de Afaceri organizat la Palatul Parlamentului \u00een marja celei de a XII-a reuniuni a Comisiei Interguvernamentale (Comisia Mixt\u0103) Rom\u00e2nia \u2013 Republica Moldova de Cooperare Economic\u0103, existen\u021ba pe prima pagin\u0103 a site-ului <a href=\"http:\/\/www.ccib.ro\">www.ccib.ro<\/a> a unui spa\u021biu special destinat inform\u0103rii firmelor din Bucure\u0219ti \u0219i nu numai, cu privire la oportunit\u0103\u021bilor de afaceri cu Republica Moldova, precum \u0219i a evenimentelor promo\u021bionale, men\u021binerea unor bune rela\u021bii \u0219i contacte cu misiunile diplomatice ale celor dou\u0103 state la Bucure\u0219ti \u0219i respectiv Chi\u0219in\u0103u etc.<\/p>\n<p>\u201eAvem toat\u0103 disponibilitatea de a colabora cu parteneri din \u021bara dumneavoastr\u0103 at\u00e2t \u00een calitate de pre\u0219edinte CCIB, c\u00e2t \u0219i de vicepre\u0219edinte PDDRM, pentru a-i sus\u021bine \u00een eforturile depuse \u00een cadrul procesului de integrare european\u0103 a Republicii Moldova. Sper\u0103m ca \u00eentr-o perioad\u0103 de timp c\u00e2t mai scurt\u0103 cet\u0103\u021benii celor dou\u0103 state s\u0103 se reg\u0103seasc\u0103 \u00een cadrul marii familii din care Rom\u00e2nia deja face parte Uniunea European\u0103\u201d a declarat Iuliu Stocklosa \u00een finalul alocu\u021biunii sale.<\/p>\n<p>Cu un volum al schimburilor comerciale de 3,4 miliarde USD \u00een anul 2023, Republica Moldova a fost al 18-lea partener comercial al \u021b\u0103rii noastre, cu o pondere de 1,5 %, fiind a 15-a pia\u021b\u0103 de destina\u021bie a produselor rom\u00e2ne\u0219ti \u0219i a 23-a pia\u021b\u0103 de origine a m\u0103rfurilor intrate \u00een \u021bara noastr\u0103 din import. Cu un volum de 1,4 miliarde USD la 31 mai 2024 (date disponibile) din care 0,9 miliarde USD export \u0219i 0,5 miliarde USD import R. Moldova a devenit a 14-a pia\u021b\u0103 de desfacere a produselor rom\u00e2ne\u0219t (2,2% din totalul exportului) \u0219i a 21-a pia\u021b\u0103 de origine a m\u0103rfurilor intrate \u00een Rom\u00e2nia (0,9% din total import).<\/p>\n<p>La 30 iunie a.c. R. Moldova se afla pe locul 34 \u00een topul \u021b\u0103rilor investitoare \u00een Rom\u00e2nia cu un volum al capitalului investit de 93,3 milioane USD, reprezent\u00e2nd 0,14% din totalul investi\u021biilor str\u0103ine \u00eenregistrate \u00een \u021bara noastr\u0103 prin 7.688 societ\u0103\u021bi cu capital din R. Moldova.<\/p>\n<p style=\"text-align: right;\"><strong>Mircea TOADER<br \/>\n<\/strong><a href=\"mailto:mircea.toader@ccib.ro\"><strong>mircea.toader@ccib.ro<\/strong><\/a><\/p>\n","protected":false},"excerpt":{"rendered":"<p>Dup\u0103 ce la jum\u0103tatea lunii mai, Palatul CCIB a g\u0103zduit Conferin\u021ba \u201cPDDRM Planul Economic Multianual Rom\u00e2nia &#8211; Republica Moldova\u201d \u0219i lansarea \u00een \u021bara noastr\u0103 a Patronatului pentru Dezvoltare Durabil\u0103 Rom\u00e2nia \u2013 Republica Moldova (PDDRM), la care pre\u0219edintele CCIB, Iuliu Stocklosa, a participat at\u00e2t \u00een calitate de gazd\u0103, c\u00e2t \u0219i de vicepre\u0219edinte PDDRM, \u00een a doua parte&#8230;<\/p>\n","protected":false},"author":2,"featured_media":8673,"comment_status":"closed","ping_status":"closed","sticky":false,"template":"","format":"standard","meta":{"_acf_changed":false,"footnotes":""},"categories":[146],"tags":[],"class_list":["post-8672","post","type-post","status-publish","format-standard","has-post-thumbnail","hentry","category-din-lumea-afacerilor","issue-serie-noua-nr-39-09-10-2024-10-12-2024"],"acf":[],"yoast_head":"<!-- This site is optimized with the Yoast SEO plugin v24.4 - https:\/\/yoast.com\/wordpress\/plugins\/seo\/ -->\n<title>Participarea pre\u0219edintelui CCIB, Iuliu Stocklosa, la evenimentul de lansare a Patronatului pentru Dezvoltare Durabil\u0103 Rom\u00e2nia \u2013 Republica Moldova (PDDRM), la Chi\u0219in\u0103u - Afacerea<\/title>\n<meta name=\"robots\" content=\"index, follow, max-snippet:-1, max-image-preview:large, max-video-preview:-1\" \/>\n<link rel=\"canonical\" href=\"https:\/\/revista-afacerea.ro\/afacerea\/participarea-presedintelui-ccib-iuliu-stocklosa-la-evenimentul-de-lansare-a-patronatului-pentru-dezvoltare-durabila-romania-republica-moldova-pddrm-la-chisinau\/\" \/>\n<meta property=\"og:locale\" content=\"ro_RO\" \/>\n<meta property=\"og:type\" content=\"article\" \/>\n<meta property=\"og:title\" content=\"Participarea pre\u0219edintelui CCIB, Iuliu Stocklosa, la evenimentul de lansare a Patronatului pentru Dezvoltare Durabil\u0103 Rom\u00e2nia \u2013 Republica Moldova (PDDRM), la Chi\u0219in\u0103u - Afacerea\" \/>\n<meta property=\"og:description\" content=\"Dup\u0103 ce la jum\u0103tatea lunii mai, Palatul CCIB a g\u0103zduit Conferin\u021ba \u201cPDDRM Planul Economic Multianual Rom\u00e2nia - Republica Moldova\u201d \u0219i lansarea \u00een \u021bara noastr\u0103 a Patronatului pentru Dezvoltare Durabil\u0103 Rom\u00e2nia \u2013 Republica Moldova (PDDRM), la care pre\u0219edintele CCIB, Iuliu Stocklosa, a participat at\u00e2t \u00een calitate de gazd\u0103, c\u00e2t \u0219i de vicepre\u0219edinte PDDRM, \u00een a doua parte...\" \/>\n<meta property=\"og:url\" content=\"https:\/\/revista-afacerea.ro\/afacerea\/participarea-presedintelui-ccib-iuliu-stocklosa-la-evenimentul-de-lansare-a-patronatului-pentru-dezvoltare-durabila-romania-republica-moldova-pddrm-la-chisinau\/\" \/>\n<meta property=\"og:site_name\" content=\"Afacerea\" \/>\n<meta property=\"article:published_time\" content=\"2024-11-15T09:12:28+00:00\" \/>\n<meta property=\"article:modified_time\" content=\"2024-11-15T09:16:02+00:00\" \/>\n<meta property=\"og:image\" content=\"https:\/\/revista-afacerea.ro\/afacerea\/wp-content\/uploads\/2024\/11\/Foto_1_lansare_patronat-e1731661938385.jpg\" \/>\n\t<meta property=\"og:image:width\" content=\"1600\" \/>\n\t<meta property=\"og:image:height\" content=\"861\" \/>\n\t<meta property=\"og:image:type\" content=\"image\/jpeg\" \/>\n<meta name=\"author\" content=\"\u0218erb\u0103nescu Cristina\" \/>\n<meta name=\"twitter:card\" content=\"summary_large_image\" \/>\n<meta name=\"twitter:label1\" content=\"Scris de\" \/>\n\t<meta name=\"twitter:data1\" content=\"\u0218erb\u0103nescu Cristina\" \/>\n\t<meta name=\"twitter:label2\" content=\"Timp estimat pentru citire\" \/>\n\t<meta name=\"twitter:data2\" content=\"4 minute\" \/>\n<script type=\"application\/ld+json\" class=\"yoast-schema-graph\">{\"@context\":\"https:\/\/schema.org\",\"@graph\":[{\"@type\":\"WebPage\",\"@id\":\"https:\/\/revista-afacerea.ro\/afacerea\/participarea-presedintelui-ccib-iuliu-stocklosa-la-evenimentul-de-lansare-a-patronatului-pentru-dezvoltare-durabila-romania-republica-moldova-pddrm-la-chisinau\/\",\"url\":\"https:\/\/revista-afacerea.ro\/afacerea\/participarea-presedintelui-ccib-iuliu-stocklosa-la-evenimentul-de-lansare-a-patronatului-pentru-dezvoltare-durabila-romania-republica-moldova-pddrm-la-chisinau\/\",\"name\":\"Participarea pre\u0219edintelui CCIB, Iuliu Stocklosa, la evenimentul de lansare a Patronatului pentru Dezvoltare Durabil\u0103 Rom\u00e2nia \u2013 Republica Moldova (PDDRM), la Chi\u0219in\u0103u - Afacerea\",\"isPartOf\":{\"@id\":\"https:\/\/revista-afacerea.ro\/afacerea\/#website\"},\"primaryImageOfPage\":{\"@id\":\"https:\/\/revista-afacerea.ro\/afacerea\/participarea-presedintelui-ccib-iuliu-stocklosa-la-evenimentul-de-lansare-a-patronatului-pentru-dezvoltare-durabila-romania-republica-moldova-pddrm-la-chisinau\/#primaryimage\"},\"image\":{\"@id\":\"https:\/\/revista-afacerea.ro\/afacerea\/participarea-presedintelui-ccib-iuliu-stocklosa-la-evenimentul-de-lansare-a-patronatului-pentru-dezvoltare-durabila-romania-republica-moldova-pddrm-la-chisinau\/#primaryimage\"},\"thumbnailUrl\":\"https:\/\/revista-afacerea.ro\/afacerea\/wp-content\/uploads\/2024\/11\/Foto_1_lansare_patronat-e1731661938385.jpg\",\"datePublished\":\"2024-11-15T09:12:28+00:00\",\"dateModified\":\"2024-11-15T09:16:02+00:00\",\"author\":{\"@id\":\"https:\/\/revista-afacerea.ro\/afacerea\/#\/schema\/person\/ceb65c8cc8ed64d512809cf287a5c09f\"},\"breadcrumb\":{\"@id\":\"https:\/\/revista-afacerea.ro\/afacerea\/participarea-presedintelui-ccib-iuliu-stocklosa-la-evenimentul-de-lansare-a-patronatului-pentru-dezvoltare-durabila-romania-republica-moldova-pddrm-la-chisinau\/#breadcrumb\"},\"inLanguage\":\"ro-RO\",\"potentialAction\":[{\"@type\":\"ReadAction\",\"target\":[\"https:\/\/revista-afacerea.ro\/afacerea\/participarea-presedintelui-ccib-iuliu-stocklosa-la-evenimentul-de-lansare-a-patronatului-pentru-dezvoltare-durabila-romania-republica-moldova-pddrm-la-chisinau\/\"]}]},{\"@type\":\"ImageObject\",\"inLanguage\":\"ro-RO\",\"@id\":\"https:\/\/revista-afacerea.ro\/afacerea\/participarea-presedintelui-ccib-iuliu-stocklosa-la-evenimentul-de-lansare-a-patronatului-pentru-dezvoltare-durabila-romania-republica-moldova-pddrm-la-chisinau\/#primaryimage\",\"url\":\"https:\/\/revista-afacerea.ro\/afacerea\/wp-content\/uploads\/2024\/11\/Foto_1_lansare_patronat-e1731661938385.jpg\",\"contentUrl\":\"https:\/\/revista-afacerea.ro\/afacerea\/wp-content\/uploads\/2024\/11\/Foto_1_lansare_patronat-e1731661938385.jpg\",\"width\":1600,\"height\":861},{\"@type\":\"BreadcrumbList\",\"@id\":\"https:\/\/revista-afacerea.ro\/afacerea\/participarea-presedintelui-ccib-iuliu-stocklosa-la-evenimentul-de-lansare-a-patronatului-pentru-dezvoltare-durabila-romania-republica-moldova-pddrm-la-chisinau\/#breadcrumb\",\"itemListElement\":[{\"@type\":\"ListItem\",\"position\":1,\"name\":\"Prima pagin\u0103\",\"item\":\"https:\/\/revista-afacerea.ro\/afacerea\/?issue=serie-noua-nr-41-15-01-01-2025-14-02-2025\"},{\"@type\":\"ListItem\",\"position\":2,\"name\":\"Participarea pre\u0219edintelui CCIB, Iuliu Stocklosa, la evenimentul de lansare a Patronatului pentru Dezvoltare Durabil\u0103 Rom\u00e2nia \u2013 Republica Moldova (PDDRM), la Chi\u0219in\u0103u\"}]},{\"@type\":\"WebSite\",\"@id\":\"https:\/\/revista-afacerea.ro\/afacerea\/#website\",\"url\":\"https:\/\/revista-afacerea.ro\/afacerea\/\",\"name\":\"Afacerea\",\"description\":\"\",\"potentialAction\":[{\"@type\":\"SearchAction\",\"target\":{\"@type\":\"EntryPoint\",\"urlTemplate\":\"https:\/\/revista-afacerea.ro\/afacerea\/?s={search_term_string}\"},\"query-input\":{\"@type\":\"PropertyValueSpecification\",\"valueRequired\":true,\"valueName\":\"search_term_string\"}}],\"inLanguage\":\"ro-RO\"},{\"@type\":\"Person\",\"@id\":\"https:\/\/revista-afacerea.ro\/afacerea\/#\/schema\/person\/ceb65c8cc8ed64d512809cf287a5c09f\",\"name\":\"\u0218erb\u0103nescu Cristina\",\"image\":{\"@type\":\"ImageObject\",\"inLanguage\":\"ro-RO\",\"@id\":\"https:\/\/revista-afacerea.ro\/afacerea\/#\/schema\/person\/image\/\",\"url\":\"https:\/\/secure.gravatar.com\/avatar\/4cd5c0bd17d39883f148ea9bb5d3745b?s=96&d=mm&r=g\",\"contentUrl\":\"https:\/\/secure.gravatar.com\/avatar\/4cd5c0bd17d39883f148ea9bb5d3745b?s=96&d=mm&r=g\",\"caption\":\"\u0218erb\u0103nescu Cristina\"},\"url\":\"https:\/\/revista-afacerea.ro\/afacerea\/author\/cristina-serbanescu\/\"}]}<\/script>\n<!-- \/ Yoast SEO plugin. -->","yoast_head_json":{"title":"Participarea pre\u0219edintelui CCIB, Iuliu Stocklosa, la evenimentul de lansare a Patronatului pentru Dezvoltare Durabil\u0103 Rom\u00e2nia \u2013 Republica Moldova (PDDRM), la Chi\u0219in\u0103u - Afacerea","robots":{"index":"index","follow":"follow","max-snippet":"max-snippet:-1","max-image-preview":"max-image-preview:large","max-video-preview":"max-video-preview:-1"},"canonical":"https:\/\/revista-afacerea.ro\/afacerea\/participarea-presedintelui-ccib-iuliu-stocklosa-la-evenimentul-de-lansare-a-patronatului-pentru-dezvoltare-durabila-romania-republica-moldova-pddrm-la-chisinau\/","og_locale":"ro_RO","og_type":"article","og_title":"Participarea pre\u0219edintelui CCIB, Iuliu Stocklosa, la evenimentul de lansare a Patronatului pentru Dezvoltare Durabil\u0103 Rom\u00e2nia \u2013 Republica Moldova (PDDRM), la Chi\u0219in\u0103u - Afacerea","og_description":"Dup\u0103 ce la jum\u0103tatea lunii mai, Palatul CCIB a g\u0103zduit Conferin\u021ba \u201cPDDRM Planul Economic Multianual Rom\u00e2nia - Republica Moldova\u201d \u0219i lansarea \u00een \u021bara noastr\u0103 a Patronatului pentru Dezvoltare Durabil\u0103 Rom\u00e2nia \u2013 Republica Moldova (PDDRM), la care pre\u0219edintele CCIB, Iuliu Stocklosa, a participat at\u00e2t \u00een calitate de gazd\u0103, c\u00e2t \u0219i de vicepre\u0219edinte PDDRM, \u00een a doua parte...","og_url":"https:\/\/revista-afacerea.ro\/afacerea\/participarea-presedintelui-ccib-iuliu-stocklosa-la-evenimentul-de-lansare-a-patronatului-pentru-dezvoltare-durabila-romania-republica-moldova-pddrm-la-chisinau\/","og_site_name":"Afacerea","article_published_time":"2024-11-15T09:12:28+00:00","article_modified_time":"2024-11-15T09:16:02+00:00","og_image":[{"width":1600,"height":861,"url":"https:\/\/revista-afacerea.ro\/afacerea\/wp-content\/uploads\/2024\/11\/Foto_1_lansare_patronat-e1731661938385.jpg","type":"image\/jpeg"}],"author":"\u0218erb\u0103nescu Cristina","twitter_card":"summary_large_image","twitter_misc":{"Scris de":"\u0218erb\u0103nescu Cristina","Timp estimat pentru citire":"4 minute"},"schema":{"@context":"https:\/\/schema.org","@graph":[{"@type":"WebPage","@id":"https:\/\/revista-afacerea.ro\/afacerea\/participarea-presedintelui-ccib-iuliu-stocklosa-la-evenimentul-de-lansare-a-patronatului-pentru-dezvoltare-durabila-romania-republica-moldova-pddrm-la-chisinau\/","url":"https:\/\/revista-afacerea.ro\/afacerea\/participarea-presedintelui-ccib-iuliu-stocklosa-la-evenimentul-de-lansare-a-patronatului-pentru-dezvoltare-durabila-romania-republica-moldova-pddrm-la-chisinau\/","name":"Participarea pre\u0219edintelui CCIB, Iuliu Stocklosa, la evenimentul de lansare a Patronatului pentru Dezvoltare Durabil\u0103 Rom\u00e2nia \u2013 Republica Moldova (PDDRM), la Chi\u0219in\u0103u - Afacerea","isPartOf":{"@id":"https:\/\/revista-afacerea.ro\/afacerea\/#website"},"primaryImageOfPage":{"@id":"https:\/\/revista-afacerea.ro\/afacerea\/participarea-presedintelui-ccib-iuliu-stocklosa-la-evenimentul-de-lansare-a-patronatului-pentru-dezvoltare-durabila-romania-republica-moldova-pddrm-la-chisinau\/#primaryimage"},"image":{"@id":"https:\/\/revista-afacerea.ro\/afacerea\/participarea-presedintelui-ccib-iuliu-stocklosa-la-evenimentul-de-lansare-a-patronatului-pentru-dezvoltare-durabila-romania-republica-moldova-pddrm-la-chisinau\/#primaryimage"},"thumbnailUrl":"https:\/\/revista-afacerea.ro\/afacerea\/wp-content\/uploads\/2024\/11\/Foto_1_lansare_patronat-e1731661938385.jpg","datePublished":"2024-11-15T09:12:28+00:00","dateModified":"2024-11-15T09:16:02+00:00","author":{"@id":"https:\/\/revista-afacerea.ro\/afacerea\/#\/schema\/person\/ceb65c8cc8ed64d512809cf287a5c09f"},"breadcrumb":{"@id":"https:\/\/revista-afacerea.ro\/afacerea\/participarea-presedintelui-ccib-iuliu-stocklosa-la-evenimentul-de-lansare-a-patronatului-pentru-dezvoltare-durabila-romania-republica-moldova-pddrm-la-chisinau\/#breadcrumb"},"inLanguage":"ro-RO","potentialAction":[{"@type":"ReadAction","target":["https:\/\/revista-afacerea.ro\/afacerea\/participarea-presedintelui-ccib-iuliu-stocklosa-la-evenimentul-de-lansare-a-patronatului-pentru-dezvoltare-durabila-romania-republica-moldova-pddrm-la-chisinau\/"]}]},{"@type":"ImageObject","inLanguage":"ro-RO","@id":"https:\/\/revista-afacerea.ro\/afacerea\/participarea-presedintelui-ccib-iuliu-stocklosa-la-evenimentul-de-lansare-a-patronatului-pentru-dezvoltare-durabila-romania-republica-moldova-pddrm-la-chisinau\/#primaryimage","url":"https:\/\/revista-afacerea.ro\/afacerea\/wp-content\/uploads\/2024\/11\/Foto_1_lansare_patronat-e1731661938385.jpg","contentUrl":"https:\/\/revista-afacerea.ro\/afacerea\/wp-content\/uploads\/2024\/11\/Foto_1_lansare_patronat-e1731661938385.jpg","width":1600,"height":861},{"@type":"BreadcrumbList","@id":"https:\/\/revista-afacerea.ro\/afacerea\/participarea-presedintelui-ccib-iuliu-stocklosa-la-evenimentul-de-lansare-a-patronatului-pentru-dezvoltare-durabila-romania-republica-moldova-pddrm-la-chisinau\/#breadcrumb","itemListElement":[{"@type":"ListItem","position":1,"name":"Prima pagin\u0103","item":"https:\/\/revista-afacerea.ro\/afacerea\/?issue=serie-noua-nr-41-15-01-01-2025-14-02-2025"},{"@type":"ListItem","position":2,"name":"Participarea pre\u0219edintelui CCIB, Iuliu Stocklosa, la evenimentul de lansare a Patronatului pentru Dezvoltare Durabil\u0103 Rom\u00e2nia \u2013 Republica Moldova (PDDRM), la Chi\u0219in\u0103u"}]},{"@type":"WebSite","@id":"https:\/\/revista-afacerea.ro\/afacerea\/#website","url":"https:\/\/revista-afacerea.ro\/afacerea\/","name":"Afacerea","description":"","potentialAction":[{"@type":"SearchAction","target":{"@type":"EntryPoint","urlTemplate":"https:\/\/revista-afacerea.ro\/afacerea\/?s={search_term_string}"},"query-input":{"@type":"PropertyValueSpecification","valueRequired":true,"valueName":"search_term_string"}}],"inLanguage":"ro-RO"},{"@type":"Person","@id":"https:\/\/revista-afacerea.ro\/afacerea\/#\/schema\/person\/ceb65c8cc8ed64d512809cf287a5c09f","name":"\u0218erb\u0103nescu Cristina","image":{"@type":"ImageObject","inLanguage":"ro-RO","@id":"https:\/\/revista-afacerea.ro\/afacerea\/#\/schema\/person\/image\/","url":"https:\/\/secure.gravatar.com\/avatar\/4cd5c0bd17d39883f148ea9bb5d3745b?s=96&d=mm&r=g","contentUrl":"https:\/\/secure.gravatar.com\/avatar\/4cd5c0bd17d39883f148ea9bb5d3745b?s=96&d=mm&r=g","caption":"\u0218erb\u0103nescu Cristina"},"url":"https:\/\/revista-afacerea.ro\/afacerea\/author\/cristina-serbanescu\/"}]}},"_links":{"self":[{"href":"https:\/\/revista-afacerea.ro\/afacerea\/wp-json\/wp\/v2\/posts\/8672","targetHints":{"allow":["GET"]}}],"collection":[{"href":"https:\/\/revista-afacerea.ro\/afacerea\/wp-json\/wp\/v2\/posts"}],"about":[{"href":"https:\/\/revista-afacerea.ro\/afacerea\/wp-json\/wp\/v2\/types\/post"}],"author":[{"embeddable":true,"href":"https:\/\/revista-afacerea.ro\/afacerea\/wp-json\/wp\/v2\/users\/2"}],"replies":[{"embeddable":true,"href":"https:\/\/revista-afacerea.ro\/afacerea\/wp-json\/wp\/v2\/comments?post=8672"}],"version-history":[{"count":2,"href":"https:\/\/revista-afacerea.ro\/afacerea\/wp-json\/wp\/v2\/posts\/8672\/revisions"}],"predecessor-version":[{"id":8675,"href":"https:\/\/revista-afacerea.ro\/afacerea\/wp-json\/wp\/v2\/posts\/8672\/revisions\/8675"}],"wp:featuredmedia":[{"embeddable":true,"href":"https:\/\/revista-afacerea.ro\/afacerea\/wp-json\/wp\/v2\/media\/8673"}],"wp:attachment":[{"href":"https:\/\/revista-afacerea.ro\/afacerea\/wp-json\/wp\/v2\/media?parent=8672"}],"wp:term":[{"taxonomy":"category","embeddable":true,"href":"https:\/\/revista-afacerea.ro\/afacerea\/wp-json\/wp\/v2\/categories?post=8672"},{"taxonomy":"post_tag","embeddable":true,"href":"https:\/\/revista-afacerea.ro\/afacerea\/wp-json\/wp\/v2\/tags?post=8672"}],"curies":[{"name":"wp","href":"https:\/\/api.w.org\/{rel}","templated":true}]}}