{"id":2485,"date":"2020-11-01T11:18:32","date_gmt":"2020-11-01T11:18:32","guid":{"rendered":"https:\/\/ccib.ro\/afacerea\/?p=2485"},"modified":"2020-11-04T13:11:27","modified_gmt":"2020-11-04T13:11:27","slug":"proiect-de-investitii-referitor-la-hala-laminor-bucuresti","status":"publish","type":"post","link":"https:\/\/revista-afacerea.ro\/afacerea\/proiect-de-investitii-referitor-la-hala-laminor-bucuresti\/","title":{"rendered":"Proiect de investi\u021bii referitor la Hala Laminor (Bucure\u0219ti)"},"content":{"rendered":"<div class=\"pdfprnt-buttons pdfprnt-buttons-post pdfprnt-top-right\"><a href=\"https:\/\/revista-afacerea.ro\/afacerea\/wp-json\/wp\/v2\/posts\/2485?print=pdf\" class=\"pdfprnt-button pdfprnt-button-pdf\" target=\"_blank\"><img decoding=\"async\" src=\"https:\/\/ccib.ro\/afacerea\/wp-content\/plugins\/pdf-print\/images\/pdf.png\" alt=\"image_pdf\" title=\"View PDF\" \/><\/a><a href=\"https:\/\/revista-afacerea.ro\/afacerea\/wp-json\/wp\/v2\/posts\/2485?print=print\" class=\"pdfprnt-button pdfprnt-button-print\" target=\"_blank\"><img decoding=\"async\" src=\"https:\/\/ccib.ro\/afacerea\/wp-content\/plugins\/pdf-print\/images\/print.png\" alt=\"image_print\" title=\"Print Content\" \/><\/a><\/div><section class=\"l-section wpb_row height_small\"><div class=\"l-section-h i-cf\"><div class=\"g-cols vc_row via_flex valign_top type_default stacking_default\"><div class=\"vc_col-sm-12 wpb_column vc_column_container\"><div class=\"vc_column-inner\"><div class=\"wpb_wrapper\"><div class=\"wpb_text_column\"><div class=\"wpb_wrapper\"><p>Hala Laminor, construit\u0103 ultima \u00een cadrul ansamblului &#8222;Malaxa&#8221;, \u00een anul 1938, a constituit una din cele mai mari hale industriale din \u021bar\u0103, cu deschideri impresionante, cu o structur\u0103 metalic\u0103 \u0219i o arhitectur\u0103 modern\u0103, demne de invidiat de speciali\u0219tii contemporani occidentali, fiind proiectat\u0103 de unul dintre cei mai cunoscu\u021bi arhitec\u021bi rom\u00e2nia, Horia Creang\u0103 (nepotul lui Ion Creang\u0103).<\/p>\n<p>Dup\u0103 anul 1990 obiectivul a fost cunoscut drept Uzinele Faur \u0219i considerat un reper istoric al arhitecturii industriale de pe teritoriul Sectorului 3.<\/p>\n<p>Ansamblul de cl\u0103diri ocupa 90 de hectare. Aici g\u0103sim diverse firme, laboratoare, hale, cl\u0103diri de serviciu, locuin\u021be, doar o parte din ele fiind &#8222;func\u021bionale&#8221;.<\/p>\n<p>In anul 2014 Primaria Sectorului 3 a preluat Hala Laminor, cu o suprafa\u021b\u0103 de 68.000 metri p\u0103tra\u021bi, propun\u00e2ndu-\u0219i s\u0103 dezvolte un proiect benefic pentru comunitatea local\u0103 \u0219i s\u0103 revitalizeze o zon\u0103 strategic\u0103 a Sectorului 3.<\/p>\n<p>Imobilul fiind \u00eenscris \u00een registrul istoric, au fost p\u0103strate toate elementele originale prin restaurarea, consolidarea, amenajarea interioar\u0103 \u0219i exterioar\u0103 a halei.<\/p>\n<p>Structura de o\u021bel, executat\u0103 la Uzinele de fier \u0219i Domeniile Re\u0219ita a fost recondi\u021bionat\u0103, fiind par\u021bial \u00eembracat\u0103 \u00een zid\u0103rie de c\u0103r\u0103mid\u0103 aparen\u021ba, permi\u021b\u00e2nd astfel amplasarea unor importante suprafe\u021be vitrate care, \u00eempreun\u0103 cu luminatoarele din acoperi\u0219, asigur\u0103 o iluminare optim\u0103 a spa\u021biului, oferind o conexiune fizic\u0103 \u0219i vizual\u0103 cu zona comun\u0103, \u00eempreun\u0103 cu peisajul stradal din jur. Pentru fa\u021bada vestic\u0103, iluminarea se face natural, printr-un impresionant perete cortina vitrat de cca. 2.000 mp, amplasat \u00een consol\u0103 \u00een fa\u021ba structurii metalice a halei.<\/p>\n<p>Proiectul Hala Laminor urmare\u0219te revitalizarea \u0219i dezvoltarea zonei industriale prin renovarea \u0219i modernizarea elementelor de arhitectur\u0103 industrial\u0103.<\/p>\n<p>Hala Laminor \u00ee\u0219i propune sa devin\u0103 unul dintre cele mai atractive parcuri industriale care va combina la fa\u021ba locului servicii, facilit\u0103\u021bi \u0219i conectivitate cu cei mai buni dezvoltatori, fiind potrivit oric\u0103rui domeniu de activitate.<\/p>\n<p>Hala Laminor va dispune de o suprafa\u021b\u0103 \u00eenchiriabil\u0103 de 68.000 mp, care se va putea recompartimenta \u00een spa\u021bii pentru utiliz\u0103ri industriale u\u0219oare, cum ar fi expozi\u021bie, depozitare \u0219i fabricare precum \u0219i birouri administrative conectate.<\/p>\n<p>Adresa: Bdul Basarbia 256, sector 3, Bucure\u0219ti<br \/>\nMijloace de transport public: sta\u021bie metrou Republica (150m): M1 \/ Sta\u021bie autobuz (90m): 103 \/ sta\u021bie tramvai (130m): 36,46<br \/>\nLocalizare: Hala se situeaz\u0103 la periferia estic\u0103 a Bucure\u0219tiului, \u00een apropiere de \u0218oseaua de Centur\u0103 Bucure\u0219ti, Autostrada Soarelui (A2), fiind facil\u0103 conexiunea cu zona central\u0103.<br \/>\nAccess: Bdul Basarabia (Zona B &#8211; limit\u0103 tonaj) \/ \u0218os. Industriilor (liber acces)<\/p>\n<p>Pentru mai multe detalii v\u0103 rug\u0103m contacta\u021bi Prim\u0103ria Sectorului 3.<\/p>\n<table>\n<tbody>\n<tr>\n<td>Adresa:<\/td>\n<td>Calea Dudesti nr. 191<\/td>\n<\/tr>\n<tr>\n<td>Localitate:<\/td>\n<td>Sector 3<\/td>\n<\/tr>\n<tr>\n<td>Jude\u021b:<\/td>\n<td>Bucuresti<\/td>\n<\/tr>\n<tr>\n<td>Telefon:<\/td>\n<td>+40213180323<\/td>\n<\/tr>\n<tr>\n<td>Fax:<\/td>\n<td>+40213180304<\/td>\n<\/tr>\n<tr>\n<td>E-mail:<\/td>\n<td><a tabindex=\"-1\" href=\"mailto:relatiipublice@primarie3.ro\" target=\"_blank\" rel=\"external nofollow noopener noreferrer\">relatiipublice@primarie3.ro<\/a><\/td>\n<\/tr>\n<tr>\n<td>Adres\u0103 Web:<\/td>\n<td><a tabindex=\"-1\" href=\"http:\/\/www.primarie3.ro\/\" target=\"_blank\" rel=\"external nofollow noopener noreferrer\">www.primarie3.ro<\/a><\/td>\n<\/tr>\n<\/tbody>\n<\/table>\n<\/div><\/div><\/div><\/div><\/div><\/div><\/div><\/section><section class=\"l-section wpb_row height_small\"><div class=\"l-section-h i-cf\"><div class=\"g-cols vc_row via_flex valign_top type_default stacking_default\"><div class=\"vc_col-sm-12 wpb_column vc_column_container\"><div class=\"vc_column-inner\"><div class=\"wpb_wrapper\"><div class=\"w-btn-wrapper align_none\"><a class=\"w-btn us-btn-style_1\" href=\"https:\/\/ccib.ro\/afacerea\/wp-content\/uploads\/2020\/11\/Prezentare-Hala-Laminor.pdf\"><span class=\"w-btn-label\">PREZENTARE \u201cHALA LAMINOR\u201d<\/span><\/a><\/div><\/div><\/div><\/div><\/div><\/div><\/section>\n","protected":false},"excerpt":{"rendered":"<p>Hala Laminor, construit\u0103 ultima \u00een cadrul ansamblului &#8222;Malaxa&#8221;, \u00een anul 1938, a constituit una din cele mai mari hale industriale din \u021bar\u0103, cu deschideri impresionante, cu o structur\u0103 metalic\u0103 &#8230;<\/p>\n","protected":false},"author":2,"featured_media":0,"comment_status":"closed","ping_status":"closed","sticky":false,"template":"","format":"standard","meta":{"_acf_changed":false,"footnotes":""},"categories":[7],"tags":[],"class_list":["post-2485","post","type-post","status-publish","format-standard","hentry","category-pentru-afacerea-dvs","issue-serie-noua-nr-3-04-11-2020-01-12-2020"],"acf":[],"yoast_head":"<!-- This site is optimized with the Yoast SEO plugin v24.4 - https:\/\/yoast.com\/wordpress\/plugins\/seo\/ -->\n<title>Proiect de investi\u021bii referitor la Hala Laminor (Bucure\u0219ti) - Afacerea<\/title>\n<meta name=\"robots\" content=\"index, follow, max-snippet:-1, max-image-preview:large, max-video-preview:-1\" \/>\n<link rel=\"canonical\" href=\"https:\/\/revista-afacerea.ro\/afacerea\/proiect-de-investitii-referitor-la-hala-laminor-bucuresti\/\" \/>\n<meta property=\"og:locale\" content=\"ro_RO\" \/>\n<meta property=\"og:type\" content=\"article\" \/>\n<meta property=\"og:title\" content=\"Proiect de investi\u021bii referitor la Hala Laminor (Bucure\u0219ti) - Afacerea\" \/>\n<meta property=\"og:description\" content=\"Hala Laminor, construit\u0103 ultima \u00een cadrul ansamblului &quot;Malaxa&quot;, \u00een anul 1938, a constituit una din cele mai mari hale industriale din \u021bar\u0103, cu deschideri impresionante, cu o structur\u0103 metalic\u0103 ...\" \/>\n<meta property=\"og:url\" content=\"https:\/\/revista-afacerea.ro\/afacerea\/proiect-de-investitii-referitor-la-hala-laminor-bucuresti\/\" \/>\n<meta property=\"og:site_name\" content=\"Afacerea\" \/>\n<meta property=\"article:published_time\" content=\"2020-11-01T11:18:32+00:00\" \/>\n<meta property=\"article:modified_time\" content=\"2020-11-04T13:11:27+00:00\" \/>\n<meta property=\"og:image\" content=\"https:\/\/revista-afacerea.ro\/afacerea\/wp-content\/uploads\/2021\/01\/facebook-cover.png\" \/>\n\t<meta property=\"og:image:width\" content=\"1200\" \/>\n\t<meta property=\"og:image:height\" content=\"630\" \/>\n\t<meta property=\"og:image:type\" content=\"image\/png\" \/>\n<meta name=\"author\" content=\"\u0218erb\u0103nescu Cristina\" \/>\n<meta name=\"twitter:card\" content=\"summary_large_image\" \/>\n<meta name=\"twitter:label1\" content=\"Scris de\" \/>\n\t<meta name=\"twitter:data1\" content=\"\u0218erb\u0103nescu Cristina\" \/>\n\t<meta name=\"twitter:label2\" content=\"Timp estimat pentru citire\" \/>\n\t<meta name=\"twitter:data2\" content=\"2 minute\" \/>\n<script type=\"application\/ld+json\" class=\"yoast-schema-graph\">{\"@context\":\"https:\/\/schema.org\",\"@graph\":[{\"@type\":\"WebPage\",\"@id\":\"https:\/\/revista-afacerea.ro\/afacerea\/proiect-de-investitii-referitor-la-hala-laminor-bucuresti\/\",\"url\":\"https:\/\/revista-afacerea.ro\/afacerea\/proiect-de-investitii-referitor-la-hala-laminor-bucuresti\/\",\"name\":\"Proiect de investi\u021bii referitor la Hala Laminor (Bucure\u0219ti) - Afacerea\",\"isPartOf\":{\"@id\":\"https:\/\/revista-afacerea.ro\/afacerea\/#website\"},\"datePublished\":\"2020-11-01T11:18:32+00:00\",\"dateModified\":\"2020-11-04T13:11:27+00:00\",\"author\":{\"@id\":\"https:\/\/revista-afacerea.ro\/afacerea\/#\/schema\/person\/ceb65c8cc8ed64d512809cf287a5c09f\"},\"breadcrumb\":{\"@id\":\"https:\/\/revista-afacerea.ro\/afacerea\/proiect-de-investitii-referitor-la-hala-laminor-bucuresti\/#breadcrumb\"},\"inLanguage\":\"ro-RO\",\"potentialAction\":[{\"@type\":\"ReadAction\",\"target\":[\"https:\/\/revista-afacerea.ro\/afacerea\/proiect-de-investitii-referitor-la-hala-laminor-bucuresti\/\"]}]},{\"@type\":\"BreadcrumbList\",\"@id\":\"https:\/\/revista-afacerea.ro\/afacerea\/proiect-de-investitii-referitor-la-hala-laminor-bucuresti\/#breadcrumb\",\"itemListElement\":[{\"@type\":\"ListItem\",\"position\":1,\"name\":\"Prima pagin\u0103\",\"item\":\"https:\/\/revista-afacerea.ro\/afacerea\/?issue=serie-noua-nr-41-15-01-01-2025-14-02-2025\"},{\"@type\":\"ListItem\",\"position\":2,\"name\":\"Proiect de investi\u021bii referitor la Hala Laminor (Bucure\u0219ti)\"}]},{\"@type\":\"WebSite\",\"@id\":\"https:\/\/revista-afacerea.ro\/afacerea\/#website\",\"url\":\"https:\/\/revista-afacerea.ro\/afacerea\/\",\"name\":\"Afacerea\",\"description\":\"\",\"potentialAction\":[{\"@type\":\"SearchAction\",\"target\":{\"@type\":\"EntryPoint\",\"urlTemplate\":\"https:\/\/revista-afacerea.ro\/afacerea\/?s={search_term_string}\"},\"query-input\":{\"@type\":\"PropertyValueSpecification\",\"valueRequired\":true,\"valueName\":\"search_term_string\"}}],\"inLanguage\":\"ro-RO\"},{\"@type\":\"Person\",\"@id\":\"https:\/\/revista-afacerea.ro\/afacerea\/#\/schema\/person\/ceb65c8cc8ed64d512809cf287a5c09f\",\"name\":\"\u0218erb\u0103nescu Cristina\",\"image\":{\"@type\":\"ImageObject\",\"inLanguage\":\"ro-RO\",\"@id\":\"https:\/\/revista-afacerea.ro\/afacerea\/#\/schema\/person\/image\/\",\"url\":\"https:\/\/secure.gravatar.com\/avatar\/4cd5c0bd17d39883f148ea9bb5d3745b?s=96&d=mm&r=g\",\"contentUrl\":\"https:\/\/secure.gravatar.com\/avatar\/4cd5c0bd17d39883f148ea9bb5d3745b?s=96&d=mm&r=g\",\"caption\":\"\u0218erb\u0103nescu Cristina\"},\"url\":\"https:\/\/revista-afacerea.ro\/afacerea\/author\/cristina-serbanescu\/\"}]}<\/script>\n<!-- \/ Yoast SEO plugin. -->","yoast_head_json":{"title":"Proiect de investi\u021bii referitor la Hala Laminor (Bucure\u0219ti) - Afacerea","robots":{"index":"index","follow":"follow","max-snippet":"max-snippet:-1","max-image-preview":"max-image-preview:large","max-video-preview":"max-video-preview:-1"},"canonical":"https:\/\/revista-afacerea.ro\/afacerea\/proiect-de-investitii-referitor-la-hala-laminor-bucuresti\/","og_locale":"ro_RO","og_type":"article","og_title":"Proiect de investi\u021bii referitor la Hala Laminor (Bucure\u0219ti) - Afacerea","og_description":"Hala Laminor, construit\u0103 ultima \u00een cadrul ansamblului \"Malaxa\", \u00een anul 1938, a constituit una din cele mai mari hale industriale din \u021bar\u0103, cu deschideri impresionante, cu o structur\u0103 metalic\u0103 ...","og_url":"https:\/\/revista-afacerea.ro\/afacerea\/proiect-de-investitii-referitor-la-hala-laminor-bucuresti\/","og_site_name":"Afacerea","article_published_time":"2020-11-01T11:18:32+00:00","article_modified_time":"2020-11-04T13:11:27+00:00","og_image":[{"width":1200,"height":630,"url":"https:\/\/revista-afacerea.ro\/afacerea\/wp-content\/uploads\/2021\/01\/facebook-cover.png","type":"image\/png"}],"author":"\u0218erb\u0103nescu Cristina","twitter_card":"summary_large_image","twitter_misc":{"Scris de":"\u0218erb\u0103nescu Cristina","Timp estimat pentru citire":"2 minute"},"schema":{"@context":"https:\/\/schema.org","@graph":[{"@type":"WebPage","@id":"https:\/\/revista-afacerea.ro\/afacerea\/proiect-de-investitii-referitor-la-hala-laminor-bucuresti\/","url":"https:\/\/revista-afacerea.ro\/afacerea\/proiect-de-investitii-referitor-la-hala-laminor-bucuresti\/","name":"Proiect de investi\u021bii referitor la Hala Laminor (Bucure\u0219ti) - Afacerea","isPartOf":{"@id":"https:\/\/revista-afacerea.ro\/afacerea\/#website"},"datePublished":"2020-11-01T11:18:32+00:00","dateModified":"2020-11-04T13:11:27+00:00","author":{"@id":"https:\/\/revista-afacerea.ro\/afacerea\/#\/schema\/person\/ceb65c8cc8ed64d512809cf287a5c09f"},"breadcrumb":{"@id":"https:\/\/revista-afacerea.ro\/afacerea\/proiect-de-investitii-referitor-la-hala-laminor-bucuresti\/#breadcrumb"},"inLanguage":"ro-RO","potentialAction":[{"@type":"ReadAction","target":["https:\/\/revista-afacerea.ro\/afacerea\/proiect-de-investitii-referitor-la-hala-laminor-bucuresti\/"]}]},{"@type":"BreadcrumbList","@id":"https:\/\/revista-afacerea.ro\/afacerea\/proiect-de-investitii-referitor-la-hala-laminor-bucuresti\/#breadcrumb","itemListElement":[{"@type":"ListItem","position":1,"name":"Prima pagin\u0103","item":"https:\/\/revista-afacerea.ro\/afacerea\/?issue=serie-noua-nr-41-15-01-01-2025-14-02-2025"},{"@type":"ListItem","position":2,"name":"Proiect de investi\u021bii referitor la Hala Laminor (Bucure\u0219ti)"}]},{"@type":"WebSite","@id":"https:\/\/revista-afacerea.ro\/afacerea\/#website","url":"https:\/\/revista-afacerea.ro\/afacerea\/","name":"Afacerea","description":"","potentialAction":[{"@type":"SearchAction","target":{"@type":"EntryPoint","urlTemplate":"https:\/\/revista-afacerea.ro\/afacerea\/?s={search_term_string}"},"query-input":{"@type":"PropertyValueSpecification","valueRequired":true,"valueName":"search_term_string"}}],"inLanguage":"ro-RO"},{"@type":"Person","@id":"https:\/\/revista-afacerea.ro\/afacerea\/#\/schema\/person\/ceb65c8cc8ed64d512809cf287a5c09f","name":"\u0218erb\u0103nescu Cristina","image":{"@type":"ImageObject","inLanguage":"ro-RO","@id":"https:\/\/revista-afacerea.ro\/afacerea\/#\/schema\/person\/image\/","url":"https:\/\/secure.gravatar.com\/avatar\/4cd5c0bd17d39883f148ea9bb5d3745b?s=96&d=mm&r=g","contentUrl":"https:\/\/secure.gravatar.com\/avatar\/4cd5c0bd17d39883f148ea9bb5d3745b?s=96&d=mm&r=g","caption":"\u0218erb\u0103nescu Cristina"},"url":"https:\/\/revista-afacerea.ro\/afacerea\/author\/cristina-serbanescu\/"}]}},"_links":{"self":[{"href":"https:\/\/revista-afacerea.ro\/afacerea\/wp-json\/wp\/v2\/posts\/2485","targetHints":{"allow":["GET"]}}],"collection":[{"href":"https:\/\/revista-afacerea.ro\/afacerea\/wp-json\/wp\/v2\/posts"}],"about":[{"href":"https:\/\/revista-afacerea.ro\/afacerea\/wp-json\/wp\/v2\/types\/post"}],"author":[{"embeddable":true,"href":"https:\/\/revista-afacerea.ro\/afacerea\/wp-json\/wp\/v2\/users\/2"}],"replies":[{"embeddable":true,"href":"https:\/\/revista-afacerea.ro\/afacerea\/wp-json\/wp\/v2\/comments?post=2485"}],"version-history":[{"count":3,"href":"https:\/\/revista-afacerea.ro\/afacerea\/wp-json\/wp\/v2\/posts\/2485\/revisions"}],"predecessor-version":[{"id":2502,"href":"https:\/\/revista-afacerea.ro\/afacerea\/wp-json\/wp\/v2\/posts\/2485\/revisions\/2502"}],"wp:attachment":[{"href":"https:\/\/revista-afacerea.ro\/afacerea\/wp-json\/wp\/v2\/media?parent=2485"}],"wp:term":[{"taxonomy":"category","embeddable":true,"href":"https:\/\/revista-afacerea.ro\/afacerea\/wp-json\/wp\/v2\/categories?post=2485"},{"taxonomy":"post_tag","embeddable":true,"href":"https:\/\/revista-afacerea.ro\/afacerea\/wp-json\/wp\/v2\/tags?post=2485"}],"curies":[{"name":"wp","href":"https:\/\/api.w.org\/{rel}","templated":true}]}}