{"id":2262,"date":"2020-11-01T11:22:53","date_gmt":"2020-11-01T11:22:53","guid":{"rendered":"https:\/\/ccib.ro\/afacerea\/?p=2262"},"modified":"2020-11-03T14:13:51","modified_gmt":"2020-11-03T14:13:51","slug":"30-noiembrie-2020-termenul-limita-pentru-inscrierea-in-programul-guvernamental-pentru-sustinerea-companiilor-mari","status":"publish","type":"post","link":"https:\/\/revista-afacerea.ro\/afacerea\/30-noiembrie-2020-termenul-limita-pentru-inscrierea-in-programul-guvernamental-pentru-sustinerea-companiilor-mari\/","title":{"rendered":"30 noiembrie 2020, termenul limit\u0103 pentru \u00eenscrierea \u00een Programul guvernamental pentru sus\u0163inerea companiilor mari"},"content":{"rendered":"<div class=\"pdfprnt-buttons pdfprnt-buttons-post pdfprnt-top-right\"><a href=\"https:\/\/revista-afacerea.ro\/afacerea\/wp-json\/wp\/v2\/posts\/2262?print=pdf\" class=\"pdfprnt-button pdfprnt-button-pdf\" target=\"_blank\"><img decoding=\"async\" src=\"https:\/\/ccib.ro\/afacerea\/wp-content\/plugins\/pdf-print\/images\/pdf.png\" alt=\"image_pdf\" title=\"View PDF\" \/><\/a><a href=\"https:\/\/revista-afacerea.ro\/afacerea\/wp-json\/wp\/v2\/posts\/2262?print=print\" class=\"pdfprnt-button pdfprnt-button-print\" target=\"_blank\"><img decoding=\"async\" src=\"https:\/\/ccib.ro\/afacerea\/wp-content\/plugins\/pdf-print\/images\/print.png\" alt=\"image_print\" title=\"Print Content\" \/><\/a><\/div><section class=\"l-section wpb_row height_small\"><div class=\"l-section-h i-cf\"><div class=\"g-cols vc_row via_flex valign_top type_default stacking_default\"><div class=\"vc_col-sm-12 wpb_column vc_column_container\"><div class=\"vc_column-inner\"><div class=\"wpb_wrapper\"><div class=\"wpb_text_column\"><div class=\"wpb_wrapper\"><p style=\"text-align: left;\"><img loading=\"lazy\" decoding=\"async\" class=\"size-medium wp-image-2258 alignleft\" src=\"https:\/\/ccib.ro\/afacerea\/wp-content\/uploads\/2020\/11\/bank-note-209104_1920-e1604389481923-300x127.jpg\" alt=\"\" width=\"300\" height=\"127\" srcset=\"https:\/\/revista-afacerea.ro\/afacerea\/wp-content\/uploads\/2020\/11\/bank-note-209104_1920-e1604389481923-300x127.jpg 300w, https:\/\/revista-afacerea.ro\/afacerea\/wp-content\/uploads\/2020\/11\/bank-note-209104_1920-e1604389481923-1024x433.jpg 1024w, https:\/\/revista-afacerea.ro\/afacerea\/wp-content\/uploads\/2020\/11\/bank-note-209104_1920-e1604389481923-150x63.jpg 150w, https:\/\/revista-afacerea.ro\/afacerea\/wp-content\/uploads\/2020\/11\/bank-note-209104_1920-e1604389481923-180x76.jpg 180w, https:\/\/revista-afacerea.ro\/afacerea\/wp-content\/uploads\/2020\/11\/bank-note-209104_1920-e1604389481923-320x135.jpg 320w, https:\/\/revista-afacerea.ro\/afacerea\/wp-content\/uploads\/2020\/11\/bank-note-209104_1920-e1604389481923-280x118.jpg 280w, https:\/\/revista-afacerea.ro\/afacerea\/wp-content\/uploads\/2020\/11\/bank-note-209104_1920-e1604389481923.jpg 1920w\" sizes=\"auto, (max-width: 300px) 100vw, 300px\" \/>De acest Program, \u00een valoare de 8 miliarde de lei, pot beneficia companiile mari \u015fi IMM-urile cu cifra de afaceri peste 20 milioane de lei (\u00een 2019), care nu erau \u00een dificultate la data de 31 decembrie 2019, informeaz\u0103 EximBank. Termenul limit\u0103 p\u00e2n\u0103 la care companiile interesate se pot \u00eenscrie \u00een program este 30 noiembrie 2020.<\/p>\n<p>Programul con\u0163ine <strong>trei m\u0103suri importante<\/strong>:<\/p>\n<ul>\n<li><strong>acordarea de garan\u0163ii \u00een numele \u015fi contul statului<\/strong> pentru companiile afectate de pandemia Covid-19 care acoper\u0103 \u00een propor\u0163ie de maximum 90% necesarul de garantare pentru credite noi \u015fi credite acordate de c\u0103tre b\u0103nci comerciale pentru realizarea investi\u0163iilor \u015fi\/sau pentru sus\u0163inerea activit\u0103\u0163ii curente a companiilor beneficiare;<\/li>\n<li><strong>acordarea de finan\u0163\u0103ri cu component\u0103 de ajutor de stat \u00een numele \u015fi contul statului<\/strong> pentru compania afectat\u0103 de pandemia Covid-19 \u00een scopul realiz\u0103rii investi\u0163iilor \u015fi\/sau pentru sus\u0163inerea activit\u0103\u0163ilor curente (se are \u00een vedere cumularea creditelor de investi\u0163ii cu cele de sus\u0163inere a activit\u0103\u0163ii curente, de capital de lucru);<\/li>\n<li><strong>acordarea de produse cu component\u0103 de minimis<\/strong>, respectiv compensarea dob\u00e2nzii la credite \u00een derulare, subven\u0163ionarea dob\u00e2nzilor la credite noi \u015fi plafoane de garantare cu component\u0103 de minimis pentru creditele de capital de lucru acordate de b\u0103ncile comerciale (subven\u0163ionarea dob\u00e2nzii ca \u00een sistemul minimis).<\/li>\n<\/ul>\n<p>Firmele interesate s\u0103 acceseze acest Program trebuie s\u0103 \u00eendeplineasc\u0103<strong> cumulativ <\/strong>urm\u0103toarele <strong>condi\u0163ii:<\/strong><\/p>\n<ul>\n<li>s\u0103 nu aib\u0103 decizii de recuperare a unui ajutor de stat sau deciziile emise au fost executate;<\/li>\n<li>s\u0103 nu se afle \u00een executare silit\u0103, \u00eenchidere opera\u0163ional\u0103, dizolvare, lichidare sau administrare special\u0103;<\/li>\n<li>s\u0103 nu fac\u0103 obiectul niciunei cereri adresate instan\u0163elor judec\u0103tore\u015fti competente de deschidere a procedurii de concordat preventiv sau de insolven\u0163\u0103;<\/li>\n<li>s\u0103 nu \u00eenregistreze datorii restante la bugetul general consolidat al statului ne-reglementate;<\/li>\n<li>s\u0103 nu se afle \u00een litigiu cu EximBank sau cu Ministerul Finan\u0163elor Publice (se au \u00een vedere litigiile \u00eenregistrate pe rolul instan\u0163elor de judecat\u0103 \u015fi se refer\u0103 la entit\u0103\u0163ile \u00eempotriva c\u0103rora MFP\/ANAF a ini\u0163iat \u00een instan\u0163\u0103 litigiu de orice natur\u0103, indiferent de faza procesual\u0103 a litigiului la data depunerii Dosarului de garantare);<\/li>\n<li>s\u0103 nu figureze \u00een CIP cu incidente majore (cecuri \u015fi bilete la ordin) \u00een ultimele 12 luni (criteriu \u00eendeplinit dac\u0103 Beneficiarul declar\u0103 pe propria r\u0103spundere ca incidentele au ap\u0103rut dup\u0103 16.03.2020, ca urmare a pandemiei COVID-19);<\/li>\n<li>sa fie persoane juridice de drept privat organizate conform Legii 31\/1990 republicat\u0103 cu modificarile si complet\u0103rile ulterioare;<\/li>\n<li>s\u0103 prezinte serviciul datoriei de tip A \u00eencep\u00e2nd cu 01.12.2019 conform CRC (criteriu \u00eendeplinit dac\u0103 Beneficiarul declar\u0103 pe propria r\u0103spundere ca \u00eent\u00e2rzierile la plat\u0103 au ap\u0103rut dup\u0103 16.03.2020, ca urmare a pandemiei COVID-19).<\/li>\n<\/ul>\n<p>Pentru fiecare tranzac\u021bie se va transmite pe adresa de e-mail: <a href=\"mailto:suport.companii@eximbank.ro\">suport.companii@eximbank.ro<\/a> un mesaj privind inten\u021bia de accesare a garan\u021biei sau finan\u021b\u0103rii, dup\u0103 caz. Urmare acestei solicit\u0103ri, EximBank pune la dispozi\u021bie documenta\u021bia necesar\u0103 pentru \u00eentocmirea Dosarului de garantare sau a Dosarului de finan\u021bare.<\/p>\n<p><strong>Dosarul de garantare complet <\/strong>se transmite de c\u0103tre banca finan\u021batoare prin intermediul platformei online. EximBank \u00eenregistreaz\u0103 solicit\u0103rile de garantare \u00een Registrul de Garan\u021bii ajutor de stat, \u00een ordinea depunerii de c\u0103tre b\u0103ncile finan\u021batoare a dosarelor de garantare complete.<\/p>\n<p><strong>Dosarul de finan\u021bare complet<\/strong> se transmite de c\u0103tre companii prin intermediul platformei online. EximBank \u00eenregistreaz\u0103 solicit\u0103rile de finan\u021bare \u00een Registrul de Finan\u021b\u0103ri ajutor de stat, \u00een ordinea depunerii de c\u0103tre companii a dosarelor de finan\u021bare complete.<\/p>\n<p>Principiul de solu\u0163ionare a cererilor este \u201cprimul venit, primul servit\u201d, astfel \u00eenc\u00e2t EximBank recomand\u0103 respectarea cu stricte\u0163e a procedurii de acces prev\u0103zut\u0103 \u00een Norme. \u00censcrierea cererilor \u00een eviden\u021bele EximBank NCS, care urmeaz\u0103 a fi supuse controlului din partea Comisiei Europene, se va face la data \u0219i ora la care cererile \u0219i listele de documente aferente vor fi complete. <strong>(C.S.)<\/strong><\/p>\n<\/div><\/div><\/div><\/div><\/div><\/div><\/div><\/section><section class=\"l-section wpb_row height_small\"><div class=\"l-section-h i-cf\"><div class=\"g-cols vc_row via_flex valign_top type_default stacking_default\"><div class=\"vc_col-sm-12 wpb_column vc_column_container\"><div class=\"vc_column-inner\"><div class=\"wpb_wrapper\"><div class=\"w-btn-wrapper align_none\"><a class=\"w-btn us-btn-style_1\" href=\"https:\/\/ccib.ro\/afacerea\/wp-content\/uploads\/2020\/11\/Produse_EximBank.pdf\"><span class=\"w-btn-label\">Produse_EximBank<\/span><\/a><\/div><\/div><\/div><\/div><\/div><\/div><\/section><section class=\"l-section wpb_row height_small\"><div class=\"l-section-h i-cf\"><div class=\"g-cols vc_row via_flex valign_top type_default stacking_default\"><div class=\"vc_col-sm-12 wpb_column vc_column_container\"><div class=\"vc_column-inner\"><div class=\"wpb_wrapper\"><div class=\"wpb_text_column\"><div class=\"wpb_wrapper\"><\/div><\/div><\/div><\/div><\/div><\/div><\/div><\/section><section class=\"l-section wpb_row height_small\"><div class=\"l-section-h i-cf\"><div class=\"g-cols vc_row via_flex valign_top type_default stacking_default\"><div class=\"vc_col-sm-12 wpb_column vc_column_container\"><div class=\"vc_column-inner\"><div class=\"wpb_wrapper\"><div class=\"w-btn-wrapper align_none\"><a class=\"w-btn us-btn-style_1\" href=\"https:\/\/ccib.ro\/afacerea\/wp-content\/uploads\/2020\/11\/HCIFGA-258_07.10.2020-Norma-Finantari-forma-MOf.pdf\"><span class=\"w-btn-label\">HCIFGA 258_07.10.2020 Norma Finantari (forma MOf)<\/span><\/a><\/div><\/div><\/div><\/div><\/div><\/div><\/section><section class=\"l-section wpb_row height_small\"><div class=\"l-section-h i-cf\"><div class=\"g-cols vc_row via_flex valign_top type_default stacking_default\"><div class=\"vc_col-sm-12 wpb_column vc_column_container\"><div class=\"vc_column-inner\"><div class=\"wpb_wrapper\"><div class=\"wpb_text_column\"><div class=\"wpb_wrapper\"><\/div><\/div><\/div><\/div><\/div><\/div><\/div><\/section><section class=\"l-section wpb_row height_small\"><div class=\"l-section-h i-cf\"><div class=\"g-cols vc_row via_flex valign_top type_default stacking_default\"><div class=\"vc_col-sm-12 wpb_column vc_column_container\"><div class=\"vc_column-inner\"><div class=\"wpb_wrapper\"><div class=\"w-btn-wrapper align_none\"><a class=\"w-btn us-btn-style_1\" href=\"https:\/\/ccib.ro\/afacerea\/wp-content\/uploads\/2020\/11\/HCIFGA-257_07.10.2020-Norma-Garantii-forma-MOf.pdf\"><span class=\"w-btn-label\">HCIFGA 257_07.10.2020 Norma Garantii (forma MOf)<\/span><\/a><\/div><\/div><\/div><\/div><\/div><\/div><\/section>\n","protected":false},"excerpt":{"rendered":"De acest Program, \u00een valoare de 8 miliarde de lei, pot beneficia companiile mari \u015fi IMM-urile cu cifra de afaceri peste 20 milioane de lei (\u00een 2019), care nu erau \u00een dificultate la data de 31 decembrie 2019, informeaz\u0103 EximBank. Termenul limit\u0103 p\u00e2n\u0103 la care companiile interesate se pot \u00eenscrie \u00een program este 30 noiembrie...","protected":false},"author":2,"featured_media":2258,"comment_status":"closed","ping_status":"closed","sticky":false,"template":"","format":"standard","meta":{"_acf_changed":false,"footnotes":""},"categories":[7],"tags":[],"class_list":["post-2262","post","type-post","status-publish","format-standard","has-post-thumbnail","hentry","category-pentru-afacerea-dvs","issue-serie-noua-nr-3-04-11-2020-01-12-2020"],"acf":[],"yoast_head":"<!-- This site is optimized with the Yoast SEO plugin v24.4 - https:\/\/yoast.com\/wordpress\/plugins\/seo\/ -->\n<title>30 noiembrie 2020, termenul limit\u0103 pentru \u00eenscrierea \u00een Programul guvernamental pentru sus\u0163inerea companiilor mari - Afacerea<\/title>\n<meta name=\"robots\" content=\"index, follow, max-snippet:-1, max-image-preview:large, max-video-preview:-1\" \/>\n<link rel=\"canonical\" href=\"https:\/\/revista-afacerea.ro\/afacerea\/30-noiembrie-2020-termenul-limita-pentru-inscrierea-in-programul-guvernamental-pentru-sustinerea-companiilor-mari\/\" \/>\n<meta property=\"og:locale\" content=\"ro_RO\" \/>\n<meta property=\"og:type\" content=\"article\" \/>\n<meta property=\"og:title\" content=\"30 noiembrie 2020, termenul limit\u0103 pentru \u00eenscrierea \u00een Programul guvernamental pentru sus\u0163inerea companiilor mari - Afacerea\" \/>\n<meta property=\"og:url\" content=\"https:\/\/revista-afacerea.ro\/afacerea\/30-noiembrie-2020-termenul-limita-pentru-inscrierea-in-programul-guvernamental-pentru-sustinerea-companiilor-mari\/\" \/>\n<meta property=\"og:site_name\" content=\"Afacerea\" \/>\n<meta property=\"article:published_time\" content=\"2020-11-01T11:22:53+00:00\" \/>\n<meta property=\"article:modified_time\" content=\"2020-11-03T14:13:51+00:00\" \/>\n<meta property=\"og:image\" content=\"https:\/\/revista-afacerea.ro\/afacerea\/wp-content\/uploads\/2020\/11\/bank-note-209104_1920-e1604389481923.jpg\" \/>\n\t<meta property=\"og:image:width\" content=\"1920\" \/>\n\t<meta property=\"og:image:height\" content=\"811\" \/>\n\t<meta property=\"og:image:type\" content=\"image\/jpeg\" \/>\n<meta name=\"author\" content=\"\u0218erb\u0103nescu Cristina\" \/>\n<meta name=\"twitter:card\" content=\"summary_large_image\" \/>\n<meta name=\"twitter:label1\" content=\"Scris de\" \/>\n\t<meta name=\"twitter:data1\" content=\"\u0218erb\u0103nescu Cristina\" \/>\n\t<meta name=\"twitter:label2\" content=\"Timp estimat pentru citire\" \/>\n\t<meta name=\"twitter:data2\" content=\"4 minute\" \/>\n<script type=\"application\/ld+json\" class=\"yoast-schema-graph\">{\"@context\":\"https:\/\/schema.org\",\"@graph\":[{\"@type\":\"WebPage\",\"@id\":\"https:\/\/revista-afacerea.ro\/afacerea\/30-noiembrie-2020-termenul-limita-pentru-inscrierea-in-programul-guvernamental-pentru-sustinerea-companiilor-mari\/\",\"url\":\"https:\/\/revista-afacerea.ro\/afacerea\/30-noiembrie-2020-termenul-limita-pentru-inscrierea-in-programul-guvernamental-pentru-sustinerea-companiilor-mari\/\",\"name\":\"30 noiembrie 2020, termenul limit\u0103 pentru \u00eenscrierea \u00een Programul guvernamental pentru sus\u0163inerea companiilor mari - Afacerea\",\"isPartOf\":{\"@id\":\"https:\/\/revista-afacerea.ro\/afacerea\/#website\"},\"primaryImageOfPage\":{\"@id\":\"https:\/\/revista-afacerea.ro\/afacerea\/30-noiembrie-2020-termenul-limita-pentru-inscrierea-in-programul-guvernamental-pentru-sustinerea-companiilor-mari\/#primaryimage\"},\"image\":{\"@id\":\"https:\/\/revista-afacerea.ro\/afacerea\/30-noiembrie-2020-termenul-limita-pentru-inscrierea-in-programul-guvernamental-pentru-sustinerea-companiilor-mari\/#primaryimage\"},\"thumbnailUrl\":\"https:\/\/revista-afacerea.ro\/afacerea\/wp-content\/uploads\/2020\/11\/bank-note-209104_1920-e1604389481923.jpg\",\"datePublished\":\"2020-11-01T11:22:53+00:00\",\"dateModified\":\"2020-11-03T14:13:51+00:00\",\"author\":{\"@id\":\"https:\/\/revista-afacerea.ro\/afacerea\/#\/schema\/person\/ceb65c8cc8ed64d512809cf287a5c09f\"},\"breadcrumb\":{\"@id\":\"https:\/\/revista-afacerea.ro\/afacerea\/30-noiembrie-2020-termenul-limita-pentru-inscrierea-in-programul-guvernamental-pentru-sustinerea-companiilor-mari\/#breadcrumb\"},\"inLanguage\":\"ro-RO\",\"potentialAction\":[{\"@type\":\"ReadAction\",\"target\":[\"https:\/\/revista-afacerea.ro\/afacerea\/30-noiembrie-2020-termenul-limita-pentru-inscrierea-in-programul-guvernamental-pentru-sustinerea-companiilor-mari\/\"]}]},{\"@type\":\"ImageObject\",\"inLanguage\":\"ro-RO\",\"@id\":\"https:\/\/revista-afacerea.ro\/afacerea\/30-noiembrie-2020-termenul-limita-pentru-inscrierea-in-programul-guvernamental-pentru-sustinerea-companiilor-mari\/#primaryimage\",\"url\":\"https:\/\/revista-afacerea.ro\/afacerea\/wp-content\/uploads\/2020\/11\/bank-note-209104_1920-e1604389481923.jpg\",\"contentUrl\":\"https:\/\/revista-afacerea.ro\/afacerea\/wp-content\/uploads\/2020\/11\/bank-note-209104_1920-e1604389481923.jpg\",\"width\":1920,\"height\":811},{\"@type\":\"BreadcrumbList\",\"@id\":\"https:\/\/revista-afacerea.ro\/afacerea\/30-noiembrie-2020-termenul-limita-pentru-inscrierea-in-programul-guvernamental-pentru-sustinerea-companiilor-mari\/#breadcrumb\",\"itemListElement\":[{\"@type\":\"ListItem\",\"position\":1,\"name\":\"Prima pagin\u0103\",\"item\":\"https:\/\/revista-afacerea.ro\/afacerea\/?issue=serie-noua-nr-41-15-01-01-2025-14-02-2025\"},{\"@type\":\"ListItem\",\"position\":2,\"name\":\"30 noiembrie 2020, termenul limit\u0103 pentru \u00eenscrierea \u00een Programul guvernamental pentru sus\u0163inerea companiilor mari\"}]},{\"@type\":\"WebSite\",\"@id\":\"https:\/\/revista-afacerea.ro\/afacerea\/#website\",\"url\":\"https:\/\/revista-afacerea.ro\/afacerea\/\",\"name\":\"Afacerea\",\"description\":\"\",\"potentialAction\":[{\"@type\":\"SearchAction\",\"target\":{\"@type\":\"EntryPoint\",\"urlTemplate\":\"https:\/\/revista-afacerea.ro\/afacerea\/?s={search_term_string}\"},\"query-input\":{\"@type\":\"PropertyValueSpecification\",\"valueRequired\":true,\"valueName\":\"search_term_string\"}}],\"inLanguage\":\"ro-RO\"},{\"@type\":\"Person\",\"@id\":\"https:\/\/revista-afacerea.ro\/afacerea\/#\/schema\/person\/ceb65c8cc8ed64d512809cf287a5c09f\",\"name\":\"\u0218erb\u0103nescu Cristina\",\"image\":{\"@type\":\"ImageObject\",\"inLanguage\":\"ro-RO\",\"@id\":\"https:\/\/revista-afacerea.ro\/afacerea\/#\/schema\/person\/image\/\",\"url\":\"https:\/\/secure.gravatar.com\/avatar\/4cd5c0bd17d39883f148ea9bb5d3745b?s=96&d=mm&r=g\",\"contentUrl\":\"https:\/\/secure.gravatar.com\/avatar\/4cd5c0bd17d39883f148ea9bb5d3745b?s=96&d=mm&r=g\",\"caption\":\"\u0218erb\u0103nescu Cristina\"},\"url\":\"https:\/\/revista-afacerea.ro\/afacerea\/author\/cristina-serbanescu\/\"}]}<\/script>\n<!-- \/ Yoast SEO plugin. -->","yoast_head_json":{"title":"30 noiembrie 2020, termenul limit\u0103 pentru \u00eenscrierea \u00een Programul guvernamental pentru sus\u0163inerea companiilor mari - Afacerea","robots":{"index":"index","follow":"follow","max-snippet":"max-snippet:-1","max-image-preview":"max-image-preview:large","max-video-preview":"max-video-preview:-1"},"canonical":"https:\/\/revista-afacerea.ro\/afacerea\/30-noiembrie-2020-termenul-limita-pentru-inscrierea-in-programul-guvernamental-pentru-sustinerea-companiilor-mari\/","og_locale":"ro_RO","og_type":"article","og_title":"30 noiembrie 2020, termenul limit\u0103 pentru \u00eenscrierea \u00een Programul guvernamental pentru sus\u0163inerea companiilor mari - Afacerea","og_url":"https:\/\/revista-afacerea.ro\/afacerea\/30-noiembrie-2020-termenul-limita-pentru-inscrierea-in-programul-guvernamental-pentru-sustinerea-companiilor-mari\/","og_site_name":"Afacerea","article_published_time":"2020-11-01T11:22:53+00:00","article_modified_time":"2020-11-03T14:13:51+00:00","og_image":[{"width":1920,"height":811,"url":"https:\/\/revista-afacerea.ro\/afacerea\/wp-content\/uploads\/2020\/11\/bank-note-209104_1920-e1604389481923.jpg","type":"image\/jpeg"}],"author":"\u0218erb\u0103nescu Cristina","twitter_card":"summary_large_image","twitter_misc":{"Scris de":"\u0218erb\u0103nescu Cristina","Timp estimat pentru citire":"4 minute"},"schema":{"@context":"https:\/\/schema.org","@graph":[{"@type":"WebPage","@id":"https:\/\/revista-afacerea.ro\/afacerea\/30-noiembrie-2020-termenul-limita-pentru-inscrierea-in-programul-guvernamental-pentru-sustinerea-companiilor-mari\/","url":"https:\/\/revista-afacerea.ro\/afacerea\/30-noiembrie-2020-termenul-limita-pentru-inscrierea-in-programul-guvernamental-pentru-sustinerea-companiilor-mari\/","name":"30 noiembrie 2020, termenul limit\u0103 pentru \u00eenscrierea \u00een Programul guvernamental pentru sus\u0163inerea companiilor mari - Afacerea","isPartOf":{"@id":"https:\/\/revista-afacerea.ro\/afacerea\/#website"},"primaryImageOfPage":{"@id":"https:\/\/revista-afacerea.ro\/afacerea\/30-noiembrie-2020-termenul-limita-pentru-inscrierea-in-programul-guvernamental-pentru-sustinerea-companiilor-mari\/#primaryimage"},"image":{"@id":"https:\/\/revista-afacerea.ro\/afacerea\/30-noiembrie-2020-termenul-limita-pentru-inscrierea-in-programul-guvernamental-pentru-sustinerea-companiilor-mari\/#primaryimage"},"thumbnailUrl":"https:\/\/revista-afacerea.ro\/afacerea\/wp-content\/uploads\/2020\/11\/bank-note-209104_1920-e1604389481923.jpg","datePublished":"2020-11-01T11:22:53+00:00","dateModified":"2020-11-03T14:13:51+00:00","author":{"@id":"https:\/\/revista-afacerea.ro\/afacerea\/#\/schema\/person\/ceb65c8cc8ed64d512809cf287a5c09f"},"breadcrumb":{"@id":"https:\/\/revista-afacerea.ro\/afacerea\/30-noiembrie-2020-termenul-limita-pentru-inscrierea-in-programul-guvernamental-pentru-sustinerea-companiilor-mari\/#breadcrumb"},"inLanguage":"ro-RO","potentialAction":[{"@type":"ReadAction","target":["https:\/\/revista-afacerea.ro\/afacerea\/30-noiembrie-2020-termenul-limita-pentru-inscrierea-in-programul-guvernamental-pentru-sustinerea-companiilor-mari\/"]}]},{"@type":"ImageObject","inLanguage":"ro-RO","@id":"https:\/\/revista-afacerea.ro\/afacerea\/30-noiembrie-2020-termenul-limita-pentru-inscrierea-in-programul-guvernamental-pentru-sustinerea-companiilor-mari\/#primaryimage","url":"https:\/\/revista-afacerea.ro\/afacerea\/wp-content\/uploads\/2020\/11\/bank-note-209104_1920-e1604389481923.jpg","contentUrl":"https:\/\/revista-afacerea.ro\/afacerea\/wp-content\/uploads\/2020\/11\/bank-note-209104_1920-e1604389481923.jpg","width":1920,"height":811},{"@type":"BreadcrumbList","@id":"https:\/\/revista-afacerea.ro\/afacerea\/30-noiembrie-2020-termenul-limita-pentru-inscrierea-in-programul-guvernamental-pentru-sustinerea-companiilor-mari\/#breadcrumb","itemListElement":[{"@type":"ListItem","position":1,"name":"Prima pagin\u0103","item":"https:\/\/revista-afacerea.ro\/afacerea\/?issue=serie-noua-nr-41-15-01-01-2025-14-02-2025"},{"@type":"ListItem","position":2,"name":"30 noiembrie 2020, termenul limit\u0103 pentru \u00eenscrierea \u00een Programul guvernamental pentru sus\u0163inerea companiilor mari"}]},{"@type":"WebSite","@id":"https:\/\/revista-afacerea.ro\/afacerea\/#website","url":"https:\/\/revista-afacerea.ro\/afacerea\/","name":"Afacerea","description":"","potentialAction":[{"@type":"SearchAction","target":{"@type":"EntryPoint","urlTemplate":"https:\/\/revista-afacerea.ro\/afacerea\/?s={search_term_string}"},"query-input":{"@type":"PropertyValueSpecification","valueRequired":true,"valueName":"search_term_string"}}],"inLanguage":"ro-RO"},{"@type":"Person","@id":"https:\/\/revista-afacerea.ro\/afacerea\/#\/schema\/person\/ceb65c8cc8ed64d512809cf287a5c09f","name":"\u0218erb\u0103nescu Cristina","image":{"@type":"ImageObject","inLanguage":"ro-RO","@id":"https:\/\/revista-afacerea.ro\/afacerea\/#\/schema\/person\/image\/","url":"https:\/\/secure.gravatar.com\/avatar\/4cd5c0bd17d39883f148ea9bb5d3745b?s=96&d=mm&r=g","contentUrl":"https:\/\/secure.gravatar.com\/avatar\/4cd5c0bd17d39883f148ea9bb5d3745b?s=96&d=mm&r=g","caption":"\u0218erb\u0103nescu Cristina"},"url":"https:\/\/revista-afacerea.ro\/afacerea\/author\/cristina-serbanescu\/"}]}},"_links":{"self":[{"href":"https:\/\/revista-afacerea.ro\/afacerea\/wp-json\/wp\/v2\/posts\/2262","targetHints":{"allow":["GET"]}}],"collection":[{"href":"https:\/\/revista-afacerea.ro\/afacerea\/wp-json\/wp\/v2\/posts"}],"about":[{"href":"https:\/\/revista-afacerea.ro\/afacerea\/wp-json\/wp\/v2\/types\/post"}],"author":[{"embeddable":true,"href":"https:\/\/revista-afacerea.ro\/afacerea\/wp-json\/wp\/v2\/users\/2"}],"replies":[{"embeddable":true,"href":"https:\/\/revista-afacerea.ro\/afacerea\/wp-json\/wp\/v2\/comments?post=2262"}],"version-history":[{"count":3,"href":"https:\/\/revista-afacerea.ro\/afacerea\/wp-json\/wp\/v2\/posts\/2262\/revisions"}],"predecessor-version":[{"id":2448,"href":"https:\/\/revista-afacerea.ro\/afacerea\/wp-json\/wp\/v2\/posts\/2262\/revisions\/2448"}],"wp:featuredmedia":[{"embeddable":true,"href":"https:\/\/revista-afacerea.ro\/afacerea\/wp-json\/wp\/v2\/media\/2258"}],"wp:attachment":[{"href":"https:\/\/revista-afacerea.ro\/afacerea\/wp-json\/wp\/v2\/media?parent=2262"}],"wp:term":[{"taxonomy":"category","embeddable":true,"href":"https:\/\/revista-afacerea.ro\/afacerea\/wp-json\/wp\/v2\/categories?post=2262"},{"taxonomy":"post_tag","embeddable":true,"href":"https:\/\/revista-afacerea.ro\/afacerea\/wp-json\/wp\/v2\/tags?post=2262"}],"curies":[{"name":"wp","href":"https:\/\/api.w.org\/{rel}","templated":true}]}}