{"id":2161,"date":"2020-10-28T12:52:25","date_gmt":"2020-10-28T12:52:25","guid":{"rendered":"https:\/\/ccib.ro\/afacerea\/?p=2161"},"modified":"2020-11-03T19:01:38","modified_gmt":"2020-11-03T19:01:38","slug":"topul-firmelor-din-bucuresti-pentru-prima-data-in-mediul-virtual","status":"publish","type":"post","link":"https:\/\/revista-afacerea.ro\/afacerea\/topul-firmelor-din-bucuresti-pentru-prima-data-in-mediul-virtual\/","title":{"rendered":"Topul firmelor din Bucure\u0219ti, pentru prima dat\u0103 \u00een mediul virtual"},"content":{"rendered":"<div class=\"pdfprnt-buttons pdfprnt-buttons-post pdfprnt-top-right\"><a href=\"https:\/\/revista-afacerea.ro\/afacerea\/wp-json\/wp\/v2\/posts\/2161?print=pdf\" class=\"pdfprnt-button pdfprnt-button-pdf\" target=\"_blank\"><img decoding=\"async\" src=\"https:\/\/ccib.ro\/afacerea\/wp-content\/plugins\/pdf-print\/images\/pdf.png\" alt=\"image_pdf\" title=\"View PDF\" \/><\/a><a href=\"https:\/\/revista-afacerea.ro\/afacerea\/wp-json\/wp\/v2\/posts\/2161?print=print\" class=\"pdfprnt-button pdfprnt-button-print\" target=\"_blank\"><img decoding=\"async\" src=\"https:\/\/ccib.ro\/afacerea\/wp-content\/plugins\/pdf-print\/images\/print.png\" alt=\"image_print\" title=\"Print Content\" \/><\/a><\/div><p><img loading=\"lazy\" decoding=\"async\" class=\" wp-image-2463 alignleft\" src=\"https:\/\/ccib.ro\/afacerea\/wp-content\/uploads\/2020\/10\/banner-fb1-1-300x114.jpg\" alt=\"\" width=\"274\" height=\"104\" srcset=\"https:\/\/revista-afacerea.ro\/afacerea\/wp-content\/uploads\/2020\/10\/banner-fb1-1-300x114.jpg 300w, https:\/\/revista-afacerea.ro\/afacerea\/wp-content\/uploads\/2020\/10\/banner-fb1-1-150x57.jpg 150w, https:\/\/revista-afacerea.ro\/afacerea\/wp-content\/uploads\/2020\/10\/banner-fb1-1-180x68.jpg 180w, https:\/\/revista-afacerea.ro\/afacerea\/wp-content\/uploads\/2020\/10\/banner-fb1-1-320x122.jpg 320w, https:\/\/revista-afacerea.ro\/afacerea\/wp-content\/uploads\/2020\/10\/banner-fb1-1-280x107.jpg 280w, https:\/\/revista-afacerea.ro\/afacerea\/wp-content\/uploads\/2020\/10\/banner-fb1-1.jpg 820w\" sizes=\"auto, (max-width: 274px) 100vw, 274px\" \/>Chiar dac\u0103 anul acesta este dificil s\u0103 ne str\u00e2ngem m\u00e2inile, vrem s\u0103 avem privilegiul de a s\u0103rb\u0103tori performan\u021bele companiei dumneavoastr\u0103, de a v\u0103 aplauda, chiar dac\u0103 de la distan\u021b\u0103, \u0219i de a \u00eemp\u0103rt\u0103\u0219i comunit\u0103\u021bii de afaceri bucuria de a v\u0103 avea printre laurea\u021bi. Iat\u0103 de ce, pentru prima dat\u0103 \u00een cei 27 de ani de c\u00e2nd organiz\u0103m <strong>Topul firmelor din Bucure\u0219ti, v\u0103 invit\u0103m s\u0103 ne \u00eent\u00e2lnim \u00een mediul virtual<\/strong>, <strong>miercuri, <\/strong><strong>25 noiembrie 2020, la ora 11,00<\/strong>.<\/p>\n<p><strong>Programul manifest\u0103rii<\/strong>, organizate de Camera de Comer\u0163 \u015fi Industrie a Municipiului Bucure\u015fti (CCIB), cuprinde o festivitate de prezentare a premiilor \u0219i a firmelor premiate, urmat\u0103 de un concert al Orchestrei de camer\u0103 a Camerei bucure\u0219tene, conduse de Adrian Naidin. Transmisia online a evenimentului va fi realizat\u0103 din Aula Carol I (Palatul CCIB).<\/p>\n<p>Topul Firmelor din Bucure\u015fti este singurul clasament al companiilor din capital\u0103 care se supune rigorilor legii \u0219i unei metodologii complexe, implementate unitar de sistemul cameral, la nivel na\u021bional. \u00cen stabilirea clasamentelor finale au fost lua\u0163i \u00een calcul indicatori precum: cifra de afaceri net\u0103, profitul din exploatare, rata profitului din exploatare, eficien\u0163a utiliz\u0103rii resurselor umane \u015fi eficien\u0163a utiliz\u0103rii capitalului angajat, calcula\u0163i \u00een baza a 16 elemente extrase din situa\u0163iile financiare depuse de companiila Ministerul Finan\u0163elor Publice \u015fi la Oficiul Na\u0163ional al Registrului Comer\u0163ului.<\/p>\n<p><em>Firmele clasate \u00een Topul Firmelor din Bucuresti sunt incluse \u00een <\/em><strong>Catalogul Topul Firmelor din Bucure\u015fti 2020<\/strong><em>, <\/em><strong>edi\u0163ia a XXVII-a.<\/strong><\/p>\n<p><strong>Taxa de participare pentru firmele clasate pe <\/strong><strong>locul 1 \u015fi c\u0103rora li se acord\u0103 \u015fi Trofeul de excelen\u0163\u0103<\/strong> <strong>este de 700 lei + TVA\/firm\u0103 \u015fi include<\/strong>:<\/p>\n<ul>\n<li>Trofeul \u015fi diploma de excelen\u0163\u0103, pentru clasarea timp de 5 ani consecutiv pe locul 1 \u00een Topul firmelor din Bucure\u015fti;<\/li>\n<li>Trofeul \u015fi diploma pentru locul 1, pentru rezultatele economice ob\u0163inute \u00een anul 2019;<\/li>\n<li>1 catalog Topul firmelor din Bucure\u015fti;<\/li>\n<li>oportunitatea de a adresa un mesaj din partea conducerii\/echipei (de maximum 30 de secunde). Acesta va fi \u00eenregistrat prin mijloace proprii \u015fi transmis \u00een prealabil la CCIB. Mesajul va fi inclus \u00een evenimentul online imediat dupa momentul anun\u0163\u0103rii premiului;<\/li>\n<li>o prezentare de circa 30 de secunde a companiei, citit\u0103 \u00een cadrul evenimentului de catre moderatorul Topului.<\/li>\n<\/ul>\n<p><strong>Taxa de participare pentru firmele clasate pe <\/strong><strong>locurile 1-3 (<\/strong>cu excep\u0163ia firmelor c\u0103rora li se decerneaz\u0103 \u015fi Trofeu de excelen\u0163\u0103)<strong> este de 500 lei + TVA \u015fi include:<\/strong><\/p>\n<ul>\n<li>Trofeul \u015fi diploma pentru locul 1-3, pentru rezultatele economice ob\u0163inute \u00een anul 2019;<\/li>\n<li>1 catalog Topul firmelor din Bucure\u015fti;<\/li>\n<li>o prezentare de circa 30 de secunde a companiei, citit\u0103 \u00een cadrul evenimentului de c\u0103tre moderatorul Topului.<\/li>\n<\/ul>\n<p>Pentru firmele clasate pe locurile 1-3 \u015fi pentru cele c\u0103rora li se acord\u0103 \u015fi trofeu de excelen\u0163\u0103, trofeele, diplomele, catalogul de Top, al\u0103turi de materialele informative ale partenerilor vor fi aduse la sediul firmelor premiate, ulterior datei de 25 noiembrie, de c\u0103tre un reprezentant al CCIB.<\/p>\n<p><strong>Taxa de participare pentru firmele clasate pe locurile 4-10 este 200 lei + TVA \u015fi include: <\/strong><\/p>\n<ul>\n<li>Diploma pentru locul 4-10, pentru rezultatele economice ob\u0163inute \u00een anul 2019;<\/li>\n<li>1 catalog Topul firmelor din Bucure\u015fti;<\/li>\n<li>o prezentare de circa 30 de secunde a companiei, citit\u0103 \u00een cadrul evenimentului de c\u0103tre moderatorul Topului;<\/li>\n<\/ul>\n<p>Men\u0163ion\u0103m c\u0103 diplomele, catalogul de Top, al\u0103turi de materialele informative ale partenerilor vor fi trimise prin curier, la sediul firmei premiate, ulterior datei de 25 noiembrie.<\/p>\n<p>&nbsp;<\/p>\n<p style=\"text-align: center;\"><strong><em>Informatii suplimentare si inscrieri:<br \/>\n<\/em><\/strong><em>Ruxandra Stoica, telefon 0740249775, email: <a href=\"mailto:ruxandra.stoica@ccib.ro\">ruxandra.stoica@ccib.ro<\/a><br \/>\n<\/em><em>Anca Apalaghiei, telefon 0730980807, email: <a href=\"mailto:anca.apalaghiei@ccib.ro\">anca.apalaghiei@ccib.ro<\/a><\/em><\/p>\n","protected":false},"excerpt":{"rendered":"<p>Chiar dac\u0103 anul acesta este dificil s\u0103 ne str\u00e2ngem m\u00e2inile, vrem s\u0103 avem privilegiul de a s\u0103rb\u0103tori performan\u021bele companiei dumneavoastr\u0103, de a v\u0103 aplauda, chiar dac\u0103 de la distan\u021b\u0103, \u0219i de a \u00eemp\u0103rt\u0103\u0219i comunit\u0103\u021bii de afaceri bucuria de a v\u0103 avea printre laurea\u021bi. Iat\u0103 de ce, pentru prima dat\u0103 \u00een cei 27 de ani de c\u00e2nd organiz\u0103m &#8230;<\/p>\n","protected":false},"author":2,"featured_media":2463,"comment_status":"closed","ping_status":"closed","sticky":false,"template":"","format":"standard","meta":{"_acf_changed":false,"footnotes":""},"categories":[4],"tags":[],"class_list":["post-2161","post","type-post","status-publish","format-standard","has-post-thumbnail","hentry","category-va-recomandam","issue-serie-noua-nr-3-04-11-2020-01-12-2020"],"acf":[],"yoast_head":"<!-- This site is optimized with the Yoast SEO plugin v24.4 - https:\/\/yoast.com\/wordpress\/plugins\/seo\/ -->\n<title>Topul firmelor din Bucure\u0219ti, pentru prima dat\u0103 \u00een mediul virtual - Afacerea<\/title>\n<meta name=\"robots\" content=\"index, follow, max-snippet:-1, max-image-preview:large, max-video-preview:-1\" \/>\n<link rel=\"canonical\" href=\"https:\/\/revista-afacerea.ro\/afacerea\/topul-firmelor-din-bucuresti-pentru-prima-data-in-mediul-virtual\/\" \/>\n<meta property=\"og:locale\" content=\"ro_RO\" \/>\n<meta property=\"og:type\" content=\"article\" \/>\n<meta property=\"og:title\" content=\"Topul firmelor din Bucure\u0219ti, pentru prima dat\u0103 \u00een mediul virtual - Afacerea\" \/>\n<meta property=\"og:description\" content=\"Chiar dac\u0103 anul acesta este dificil s\u0103 ne str\u00e2ngem m\u00e2inile, vrem s\u0103 avem privilegiul de a s\u0103rb\u0103tori performan\u021bele companiei dumneavoastr\u0103, de a v\u0103 aplauda, chiar dac\u0103 de la distan\u021b\u0103, \u0219i de a \u00eemp\u0103rt\u0103\u0219i comunit\u0103\u021bii de afaceri bucuria de a v\u0103 avea printre laurea\u021bi. Iat\u0103 de ce, pentru prima dat\u0103 \u00een cei 27 de ani de c\u00e2nd organiz\u0103m ...\" \/>\n<meta property=\"og:url\" content=\"https:\/\/revista-afacerea.ro\/afacerea\/topul-firmelor-din-bucuresti-pentru-prima-data-in-mediul-virtual\/\" \/>\n<meta property=\"og:site_name\" content=\"Afacerea\" \/>\n<meta property=\"article:published_time\" content=\"2020-10-28T12:52:25+00:00\" \/>\n<meta property=\"article:modified_time\" content=\"2020-11-03T19:01:38+00:00\" \/>\n<meta property=\"og:image\" content=\"https:\/\/revista-afacerea.ro\/afacerea\/wp-content\/uploads\/2020\/10\/banner-fb1-1.jpg\" \/>\n\t<meta property=\"og:image:width\" content=\"820\" \/>\n\t<meta property=\"og:image:height\" content=\"312\" \/>\n\t<meta property=\"og:image:type\" content=\"image\/jpeg\" \/>\n<meta name=\"author\" content=\"\u0218erb\u0103nescu Cristina\" \/>\n<meta name=\"twitter:card\" content=\"summary_large_image\" \/>\n<meta name=\"twitter:label1\" content=\"Scris de\" \/>\n\t<meta name=\"twitter:data1\" content=\"\u0218erb\u0103nescu Cristina\" \/>\n\t<meta name=\"twitter:label2\" content=\"Timp estimat pentru citire\" \/>\n\t<meta name=\"twitter:data2\" content=\"3 minute\" \/>\n<script type=\"application\/ld+json\" class=\"yoast-schema-graph\">{\"@context\":\"https:\/\/schema.org\",\"@graph\":[{\"@type\":\"WebPage\",\"@id\":\"https:\/\/revista-afacerea.ro\/afacerea\/topul-firmelor-din-bucuresti-pentru-prima-data-in-mediul-virtual\/\",\"url\":\"https:\/\/revista-afacerea.ro\/afacerea\/topul-firmelor-din-bucuresti-pentru-prima-data-in-mediul-virtual\/\",\"name\":\"Topul firmelor din Bucure\u0219ti, pentru prima dat\u0103 \u00een mediul virtual - Afacerea\",\"isPartOf\":{\"@id\":\"https:\/\/revista-afacerea.ro\/afacerea\/#website\"},\"primaryImageOfPage\":{\"@id\":\"https:\/\/revista-afacerea.ro\/afacerea\/topul-firmelor-din-bucuresti-pentru-prima-data-in-mediul-virtual\/#primaryimage\"},\"image\":{\"@id\":\"https:\/\/revista-afacerea.ro\/afacerea\/topul-firmelor-din-bucuresti-pentru-prima-data-in-mediul-virtual\/#primaryimage\"},\"thumbnailUrl\":\"https:\/\/revista-afacerea.ro\/afacerea\/wp-content\/uploads\/2020\/10\/banner-fb1-1.jpg\",\"datePublished\":\"2020-10-28T12:52:25+00:00\",\"dateModified\":\"2020-11-03T19:01:38+00:00\",\"author\":{\"@id\":\"https:\/\/revista-afacerea.ro\/afacerea\/#\/schema\/person\/ceb65c8cc8ed64d512809cf287a5c09f\"},\"breadcrumb\":{\"@id\":\"https:\/\/revista-afacerea.ro\/afacerea\/topul-firmelor-din-bucuresti-pentru-prima-data-in-mediul-virtual\/#breadcrumb\"},\"inLanguage\":\"ro-RO\",\"potentialAction\":[{\"@type\":\"ReadAction\",\"target\":[\"https:\/\/revista-afacerea.ro\/afacerea\/topul-firmelor-din-bucuresti-pentru-prima-data-in-mediul-virtual\/\"]}]},{\"@type\":\"ImageObject\",\"inLanguage\":\"ro-RO\",\"@id\":\"https:\/\/revista-afacerea.ro\/afacerea\/topul-firmelor-din-bucuresti-pentru-prima-data-in-mediul-virtual\/#primaryimage\",\"url\":\"https:\/\/revista-afacerea.ro\/afacerea\/wp-content\/uploads\/2020\/10\/banner-fb1-1.jpg\",\"contentUrl\":\"https:\/\/revista-afacerea.ro\/afacerea\/wp-content\/uploads\/2020\/10\/banner-fb1-1.jpg\",\"width\":820,\"height\":312},{\"@type\":\"BreadcrumbList\",\"@id\":\"https:\/\/revista-afacerea.ro\/afacerea\/topul-firmelor-din-bucuresti-pentru-prima-data-in-mediul-virtual\/#breadcrumb\",\"itemListElement\":[{\"@type\":\"ListItem\",\"position\":1,\"name\":\"Prima pagin\u0103\",\"item\":\"https:\/\/revista-afacerea.ro\/afacerea\/?issue=serie-noua-nr-41-15-01-01-2025-14-02-2025\"},{\"@type\":\"ListItem\",\"position\":2,\"name\":\"Topul firmelor din Bucure\u0219ti, pentru prima dat\u0103 \u00een mediul virtual\"}]},{\"@type\":\"WebSite\",\"@id\":\"https:\/\/revista-afacerea.ro\/afacerea\/#website\",\"url\":\"https:\/\/revista-afacerea.ro\/afacerea\/\",\"name\":\"Afacerea\",\"description\":\"\",\"potentialAction\":[{\"@type\":\"SearchAction\",\"target\":{\"@type\":\"EntryPoint\",\"urlTemplate\":\"https:\/\/revista-afacerea.ro\/afacerea\/?s={search_term_string}\"},\"query-input\":{\"@type\":\"PropertyValueSpecification\",\"valueRequired\":true,\"valueName\":\"search_term_string\"}}],\"inLanguage\":\"ro-RO\"},{\"@type\":\"Person\",\"@id\":\"https:\/\/revista-afacerea.ro\/afacerea\/#\/schema\/person\/ceb65c8cc8ed64d512809cf287a5c09f\",\"name\":\"\u0218erb\u0103nescu Cristina\",\"image\":{\"@type\":\"ImageObject\",\"inLanguage\":\"ro-RO\",\"@id\":\"https:\/\/revista-afacerea.ro\/afacerea\/#\/schema\/person\/image\/\",\"url\":\"https:\/\/secure.gravatar.com\/avatar\/4cd5c0bd17d39883f148ea9bb5d3745b?s=96&d=mm&r=g\",\"contentUrl\":\"https:\/\/secure.gravatar.com\/avatar\/4cd5c0bd17d39883f148ea9bb5d3745b?s=96&d=mm&r=g\",\"caption\":\"\u0218erb\u0103nescu Cristina\"},\"url\":\"https:\/\/revista-afacerea.ro\/afacerea\/author\/cristina-serbanescu\/\"}]}<\/script>\n<!-- \/ Yoast SEO plugin. -->","yoast_head_json":{"title":"Topul firmelor din Bucure\u0219ti, pentru prima dat\u0103 \u00een mediul virtual - Afacerea","robots":{"index":"index","follow":"follow","max-snippet":"max-snippet:-1","max-image-preview":"max-image-preview:large","max-video-preview":"max-video-preview:-1"},"canonical":"https:\/\/revista-afacerea.ro\/afacerea\/topul-firmelor-din-bucuresti-pentru-prima-data-in-mediul-virtual\/","og_locale":"ro_RO","og_type":"article","og_title":"Topul firmelor din Bucure\u0219ti, pentru prima dat\u0103 \u00een mediul virtual - Afacerea","og_description":"Chiar dac\u0103 anul acesta este dificil s\u0103 ne str\u00e2ngem m\u00e2inile, vrem s\u0103 avem privilegiul de a s\u0103rb\u0103tori performan\u021bele companiei dumneavoastr\u0103, de a v\u0103 aplauda, chiar dac\u0103 de la distan\u021b\u0103, \u0219i de a \u00eemp\u0103rt\u0103\u0219i comunit\u0103\u021bii de afaceri bucuria de a v\u0103 avea printre laurea\u021bi. Iat\u0103 de ce, pentru prima dat\u0103 \u00een cei 27 de ani de c\u00e2nd organiz\u0103m ...","og_url":"https:\/\/revista-afacerea.ro\/afacerea\/topul-firmelor-din-bucuresti-pentru-prima-data-in-mediul-virtual\/","og_site_name":"Afacerea","article_published_time":"2020-10-28T12:52:25+00:00","article_modified_time":"2020-11-03T19:01:38+00:00","og_image":[{"width":820,"height":312,"url":"https:\/\/revista-afacerea.ro\/afacerea\/wp-content\/uploads\/2020\/10\/banner-fb1-1.jpg","type":"image\/jpeg"}],"author":"\u0218erb\u0103nescu Cristina","twitter_card":"summary_large_image","twitter_misc":{"Scris de":"\u0218erb\u0103nescu Cristina","Timp estimat pentru citire":"3 minute"},"schema":{"@context":"https:\/\/schema.org","@graph":[{"@type":"WebPage","@id":"https:\/\/revista-afacerea.ro\/afacerea\/topul-firmelor-din-bucuresti-pentru-prima-data-in-mediul-virtual\/","url":"https:\/\/revista-afacerea.ro\/afacerea\/topul-firmelor-din-bucuresti-pentru-prima-data-in-mediul-virtual\/","name":"Topul firmelor din Bucure\u0219ti, pentru prima dat\u0103 \u00een mediul virtual - Afacerea","isPartOf":{"@id":"https:\/\/revista-afacerea.ro\/afacerea\/#website"},"primaryImageOfPage":{"@id":"https:\/\/revista-afacerea.ro\/afacerea\/topul-firmelor-din-bucuresti-pentru-prima-data-in-mediul-virtual\/#primaryimage"},"image":{"@id":"https:\/\/revista-afacerea.ro\/afacerea\/topul-firmelor-din-bucuresti-pentru-prima-data-in-mediul-virtual\/#primaryimage"},"thumbnailUrl":"https:\/\/revista-afacerea.ro\/afacerea\/wp-content\/uploads\/2020\/10\/banner-fb1-1.jpg","datePublished":"2020-10-28T12:52:25+00:00","dateModified":"2020-11-03T19:01:38+00:00","author":{"@id":"https:\/\/revista-afacerea.ro\/afacerea\/#\/schema\/person\/ceb65c8cc8ed64d512809cf287a5c09f"},"breadcrumb":{"@id":"https:\/\/revista-afacerea.ro\/afacerea\/topul-firmelor-din-bucuresti-pentru-prima-data-in-mediul-virtual\/#breadcrumb"},"inLanguage":"ro-RO","potentialAction":[{"@type":"ReadAction","target":["https:\/\/revista-afacerea.ro\/afacerea\/topul-firmelor-din-bucuresti-pentru-prima-data-in-mediul-virtual\/"]}]},{"@type":"ImageObject","inLanguage":"ro-RO","@id":"https:\/\/revista-afacerea.ro\/afacerea\/topul-firmelor-din-bucuresti-pentru-prima-data-in-mediul-virtual\/#primaryimage","url":"https:\/\/revista-afacerea.ro\/afacerea\/wp-content\/uploads\/2020\/10\/banner-fb1-1.jpg","contentUrl":"https:\/\/revista-afacerea.ro\/afacerea\/wp-content\/uploads\/2020\/10\/banner-fb1-1.jpg","width":820,"height":312},{"@type":"BreadcrumbList","@id":"https:\/\/revista-afacerea.ro\/afacerea\/topul-firmelor-din-bucuresti-pentru-prima-data-in-mediul-virtual\/#breadcrumb","itemListElement":[{"@type":"ListItem","position":1,"name":"Prima pagin\u0103","item":"https:\/\/revista-afacerea.ro\/afacerea\/?issue=serie-noua-nr-41-15-01-01-2025-14-02-2025"},{"@type":"ListItem","position":2,"name":"Topul firmelor din Bucure\u0219ti, pentru prima dat\u0103 \u00een mediul virtual"}]},{"@type":"WebSite","@id":"https:\/\/revista-afacerea.ro\/afacerea\/#website","url":"https:\/\/revista-afacerea.ro\/afacerea\/","name":"Afacerea","description":"","potentialAction":[{"@type":"SearchAction","target":{"@type":"EntryPoint","urlTemplate":"https:\/\/revista-afacerea.ro\/afacerea\/?s={search_term_string}"},"query-input":{"@type":"PropertyValueSpecification","valueRequired":true,"valueName":"search_term_string"}}],"inLanguage":"ro-RO"},{"@type":"Person","@id":"https:\/\/revista-afacerea.ro\/afacerea\/#\/schema\/person\/ceb65c8cc8ed64d512809cf287a5c09f","name":"\u0218erb\u0103nescu Cristina","image":{"@type":"ImageObject","inLanguage":"ro-RO","@id":"https:\/\/revista-afacerea.ro\/afacerea\/#\/schema\/person\/image\/","url":"https:\/\/secure.gravatar.com\/avatar\/4cd5c0bd17d39883f148ea9bb5d3745b?s=96&d=mm&r=g","contentUrl":"https:\/\/secure.gravatar.com\/avatar\/4cd5c0bd17d39883f148ea9bb5d3745b?s=96&d=mm&r=g","caption":"\u0218erb\u0103nescu Cristina"},"url":"https:\/\/revista-afacerea.ro\/afacerea\/author\/cristina-serbanescu\/"}]}},"_links":{"self":[{"href":"https:\/\/revista-afacerea.ro\/afacerea\/wp-json\/wp\/v2\/posts\/2161","targetHints":{"allow":["GET"]}}],"collection":[{"href":"https:\/\/revista-afacerea.ro\/afacerea\/wp-json\/wp\/v2\/posts"}],"about":[{"href":"https:\/\/revista-afacerea.ro\/afacerea\/wp-json\/wp\/v2\/types\/post"}],"author":[{"embeddable":true,"href":"https:\/\/revista-afacerea.ro\/afacerea\/wp-json\/wp\/v2\/users\/2"}],"replies":[{"embeddable":true,"href":"https:\/\/revista-afacerea.ro\/afacerea\/wp-json\/wp\/v2\/comments?post=2161"}],"version-history":[{"count":3,"href":"https:\/\/revista-afacerea.ro\/afacerea\/wp-json\/wp\/v2\/posts\/2161\/revisions"}],"predecessor-version":[{"id":2465,"href":"https:\/\/revista-afacerea.ro\/afacerea\/wp-json\/wp\/v2\/posts\/2161\/revisions\/2465"}],"wp:featuredmedia":[{"embeddable":true,"href":"https:\/\/revista-afacerea.ro\/afacerea\/wp-json\/wp\/v2\/media\/2463"}],"wp:attachment":[{"href":"https:\/\/revista-afacerea.ro\/afacerea\/wp-json\/wp\/v2\/media?parent=2161"}],"wp:term":[{"taxonomy":"category","embeddable":true,"href":"https:\/\/revista-afacerea.ro\/afacerea\/wp-json\/wp\/v2\/categories?post=2161"},{"taxonomy":"post_tag","embeddable":true,"href":"https:\/\/revista-afacerea.ro\/afacerea\/wp-json\/wp\/v2\/tags?post=2161"}],"curies":[{"name":"wp","href":"https:\/\/api.w.org\/{rel}","templated":true}]}}