{"id":2156,"date":"2020-10-28T12:23:09","date_gmt":"2020-10-28T12:23:09","guid":{"rendered":"https:\/\/ccib.ro\/afacerea\/?p=2156"},"modified":"2020-11-03T13:24:33","modified_gmt":"2020-11-03T13:24:33","slug":"curs-responsabil-cu-protectia-datelor-cu-caracter-personal-3","status":"publish","type":"post","link":"https:\/\/revista-afacerea.ro\/afacerea\/curs-responsabil-cu-protectia-datelor-cu-caracter-personal-3\/","title":{"rendered":"Curs \u201eResponsabil cu protec\u021bia datelor cu caracter personal\u201d"},"content":{"rendered":"<div class=\"pdfprnt-buttons pdfprnt-buttons-post pdfprnt-top-right\"><a href=\"https:\/\/revista-afacerea.ro\/afacerea\/wp-json\/wp\/v2\/posts\/2156?print=pdf\" class=\"pdfprnt-button pdfprnt-button-pdf\" target=\"_blank\"><img decoding=\"async\" src=\"https:\/\/ccib.ro\/afacerea\/wp-content\/plugins\/pdf-print\/images\/pdf.png\" alt=\"image_pdf\" title=\"View PDF\" \/><\/a><a href=\"https:\/\/revista-afacerea.ro\/afacerea\/wp-json\/wp\/v2\/posts\/2156?print=print\" class=\"pdfprnt-button pdfprnt-button-print\" target=\"_blank\"><img decoding=\"async\" src=\"https:\/\/ccib.ro\/afacerea\/wp-content\/plugins\/pdf-print\/images\/print.png\" alt=\"image_print\" title=\"Print Content\" \/><\/a><\/div><section class=\"l-section wpb_row height_small\"><div class=\"l-section-h i-cf\"><div class=\"g-cols vc_row via_flex valign_top type_default stacking_default\"><div class=\"vc_col-sm-12 wpb_column vc_column_container\"><div class=\"vc_column-inner\"><div class=\"wpb_wrapper\"><div class=\"wpb_text_column\"><div class=\"wpb_wrapper\"><p><img loading=\"lazy\" decoding=\"async\" class=\"alignleft wp-image-1546 size-medium\" src=\"https:\/\/ccib.ro\/afacerea\/wp-content\/uploads\/2020\/09\/GDPR-graphic-e1599546104552-300x125.jpg\" alt=\"\" width=\"300\" height=\"125\" srcset=\"https:\/\/revista-afacerea.ro\/afacerea\/wp-content\/uploads\/2020\/09\/GDPR-graphic-e1599546104552-300x125.jpg 300w, https:\/\/revista-afacerea.ro\/afacerea\/wp-content\/uploads\/2020\/09\/GDPR-graphic-e1599546104552-150x63.jpg 150w, https:\/\/revista-afacerea.ro\/afacerea\/wp-content\/uploads\/2020\/09\/GDPR-graphic-e1599546104552-1024x428.jpg 1024w, https:\/\/revista-afacerea.ro\/afacerea\/wp-content\/uploads\/2020\/09\/GDPR-graphic-e1599546104552-180x75.jpg 180w, https:\/\/revista-afacerea.ro\/afacerea\/wp-content\/uploads\/2020\/09\/GDPR-graphic-e1599546104552-320x134.jpg 320w, https:\/\/revista-afacerea.ro\/afacerea\/wp-content\/uploads\/2020\/09\/GDPR-graphic-e1599546104552-280x117.jpg 280w, https:\/\/revista-afacerea.ro\/afacerea\/wp-content\/uploads\/2020\/09\/GDPR-graphic-e1599546104552.jpg 1351w\" sizes=\"auto, (max-width: 300px) 100vw, 300px\" \/><\/p>\n<p>Camera de Comer\u021b \u0219i Industrie a Municipiului Bucure\u0219ti (CCIB) \u00een parteneriat cu Professionals Business Knowledge organizeaz\u0103 \u00een sistem de videoconferin\u0163\u0103 <strong>cursul \u201eResponsabil cu protec\u021bia datelor cu caracter personal\u201d<\/strong>, acreditat ANC pentru toate modulele din standardul european, cod COR 242 231.<\/p>\n<p>P\u00e2n\u0103 la finalul anului mai este programat\u0103 o singur\u0103 serie de curs, \u015fi anume \u00een perioada <strong>7 decembrie 2020 \u2013 11 ianuarie 2021<\/strong>.<\/p>\n<p><strong>Cursul se adreseaz\u0103<\/strong> persoanelor cu studii superioare, conform cerin\u021belor din standardul ocupa\u021bional. Pot participa \u0219i persoane cu studii medii, dar acestea nu vor putea sus\u021bine examenul recunoscut de ANC \u0219i, \u00een consecin\u021b\u0103, vor primi doar diploma de participare la curs.<\/p>\n<p>Sesiunile de instruire sunt sus\u0163inute de avoca\u021bi specializa\u021bi \u00een domeniul protec\u021biei datelor cu caracter personal, speciali\u0219ti IT, auditori \u00een domeniul securit\u0103\u021bii informa\u021biei, fiind abordate aspectele practice cu privire la prelucr\u0103rile datelor cu caracter personal ale clien\u021bilor, salaria\u021bilor \u0219i furnizorilor din organiza\u021bie din perspectiva dispozi\u021biilor G.D.P.R.<\/p>\n<p>Conform standardului ocupa\u021bional cod COR 242231, durata total\u0103 a cursului este de <strong>180 de ore (teorie \u015fi practic\u0103)<\/strong>, aceasta fiind structurat\u0103 astfel:<\/p>\n<ul>\n<li>5 zile: sesiune de curs \u00een sistem de videoconferin\u021b\u0103: prezent\u0103ri, dezbateri, aplica\u021bii practice;<\/li>\n<li>17 zile: parte practic\u0103 individual\u0103: realizarea proiectului final, \u00eendrumare \u015fi coordonare prin email;<\/li>\n<li>O zi: sesiune de curs cu prezent\u0103 online: recapitulare, verificare proiecte, evaluarea final\u0103: test gril\u0103 \u015fi sus\u0163inere proiect.<\/li>\n<\/ul>\n<p><strong>Diploma de absolvire<\/strong>\u00a0va fi eliberat\u0103 \u00een aproximativ 7 zile de la data examin\u0103rii.<\/p>\n<p><strong>Programul zilnic<\/strong> este: 9.30 \u2013 17.00.<\/p>\n<p>Potrivit organizatorilor, \u00een urma finaliz\u0103rii cursului cu examen ANC, participan\u0163ii vor dob\u00e2ndi <strong>competen\u021bele \u0219i deprinderile necesare pentru a:<\/strong><\/p>\n<ul>\n<li>informa organiza\u021bia \u0219i persoanele vizate cu privire la drepturile \u0219i obliga\u021biile lor, \u00een baza legisla\u021biei privind protec\u021bia datelor cu caracter personal;<\/li>\n<li>monitoriza modalit\u0103\u021bile prin care organiza\u021bia respect\u0103 legisla\u021bia privind protec\u021bia datelor cu caracter personal \u0219i standardele specifice la care organiza\u021bia a aderat;<\/li>\n<li>emite recomand\u0103ri \u0219i a oferi asisten\u021b\u0103 de specialitate organiza\u021biei cu privire la interpretarea \u0219i aplicarea prevederilor legisla\u021biei privind protec\u021bia datelor cu caracter personal;<\/li>\n<li>gestiona rela\u021bia cu autoritatea de supraveghere \u00een domeniul protec\u021biei datelor cu caracter personal;<\/li>\n<li>respecta principiul obiectivit\u0103\u021bii \u00een domeniul protec\u021biei datelor cu caracter personal;<\/li>\n<li>asigura \u0219i gestiona registrului de eviden\u021b\u0103 al prelucr\u0103rii datelor cu caracter personal;<\/li>\n<li>gestiona \u0219i coordona resursele umane, financiare, tehnice necesare realiz\u0103rii sarcinilor \u0219i activit\u0103\u021bilor specifice domeniului protec\u021biei datelor cu caracter personal;<\/li>\n<li>se dezvolta profesional continuu \u00een domeniul protec\u021biei datelor cu caracter personal;<\/li>\n<li>monitoriza alocarea instrumentelor \u0219i metodelor de \u00eembun\u0103ta\u021bire a eficacita\u021bii sistemului de management al securit\u0103\u021bii datelor cu caracter personal;<\/li>\n<li>analiza \u0219i evalua riscurie de prelucrare a datelor cu caracter personal.<\/li>\n<\/ul>\n<p><strong>Pentru \u00eenscrierile efectuate<\/strong> <strong>p\u00e2n\u0103 la data de 30 noiembrie 2020<\/strong>, pre\u0163ul cursului \u00een sistem online este de 990 de lei, redus de la 1.400 lei \u015fi include: certificat de absolvire ANC \u0219i supliment conform cod COR 242 231; materialele de curs; taxa de examinare ANC. De men\u0163ionat c\u0103 la pre\u0163ul men\u0163ionat nu se adaug\u0103 TVA, cursurile acreditate ANC fiind scutite de plata TVA-ului.<\/p>\n<p><strong>Plata cursului<\/strong> se face \u00een contul bancar al Professionals Business Knowledge SRL<\/p>\n<p>Cod fiscal: 34831314 (fara RO)<br \/>\nReg. Com.: J\/40\/9352\/2015<br \/>\nSediul: Str. Valea Buzaului 3, bl. G13, ap. 47, sector 3, Bucuresti<br \/>\nIBAN: RO63CECEB30830RON4063069<br \/>\nBanca : CEC BANK sucursala Ghica Tei<\/p>\n<p>Dac\u0103 sunte\u0163i interesa\u0163i s\u0103 participa\u0163i la acest curs, este necesar\u0103 completarea <strong><u><a href=\"https:\/\/ccib.ro\/afacerea\/wp-content\/uploads\/2020\/10\/Formular_curs.doc\">Formularului<\/a><\/u> <\/strong>anexat \u015fi transmiterea acestuia la adresele de email: <a href=\"mailto:anca.apalaghiei@ccib.ro\">anca.apalaghiei@ccib.ro<\/a>, <a href=\"mailto:vanzari@training-professionals.ro\">vanzari@training-professionals.ro<\/a>.<\/p>\n<p>Colegii no\u015ftri v\u0103 informeaz\u0103 c\u0103 acest demers reprezint\u0103 comanda dvs. ferm\u0103; \u00een urma primirii formularului vor emite o factur\u0103 proforma pe baza c\u0103reia se va putea achita taxa de participare.<\/p>\n<p><strong>Informa\u0163ii suplimentare <\/strong>se pot ob\u0163ine de la: Anca Apalaghiei, telefon 0730.980.807; e-mail: anca.apalaghiei@ccib.ro, \u015fi de la Andrei Parvu, telefon 0746.199.869; e-mail: vanzari@training-professionals.ro.<\/p>\n<\/div><\/div><\/div><\/div><\/div><\/div><\/div><\/section><section class=\"l-section wpb_row height_small\"><div class=\"l-section-h i-cf\"><div class=\"g-cols vc_row via_flex valign_top type_default stacking_default\"><div class=\"vc_col-sm-12 wpb_column vc_column_container\"><div class=\"vc_column-inner\"><div class=\"wpb_wrapper\"><div class=\"w-btn-wrapper align_none\"><a class=\"w-btn us-btn-style_1\" href=\"https:\/\/ccib.ro\/afacerea\/wp-content\/uploads\/2020\/10\/Formular_curs.doc\"><span class=\"w-btn-label\">Formular curs<\/span><\/a><\/div><\/div><\/div><\/div><\/div><\/div><\/section>\n","protected":false},"excerpt":{"rendered":"<p>Camera de Comer\u021b \u0219i Industrie a Municipiului Bucure\u0219ti (CCIB) \u00een parteneriat cu Professionals Business Knowledge organizeaz\u0103 \u00een sistem de videoconferin\u0163\u0103 cursul \u201eResponsabil cu protec\u021bia datelor cu caracter personal\u201d, acreditat ANC pentru toate modulele din standardul european, cod COR 242 231 &#8230;<\/p>\n","protected":false},"author":2,"featured_media":1546,"comment_status":"closed","ping_status":"closed","sticky":false,"template":"","format":"standard","meta":{"_acf_changed":false,"footnotes":""},"categories":[4],"tags":[],"class_list":["post-2156","post","type-post","status-publish","format-standard","has-post-thumbnail","hentry","category-va-recomandam","issue-serie-noua-nr-3-04-11-2020-01-12-2020"],"acf":[],"yoast_head":"<!-- This site is optimized with the Yoast SEO plugin v24.4 - https:\/\/yoast.com\/wordpress\/plugins\/seo\/ -->\n<title>Curs \u201eResponsabil cu protec\u021bia datelor cu caracter personal\u201d - Afacerea<\/title>\n<meta name=\"robots\" content=\"index, follow, max-snippet:-1, max-image-preview:large, max-video-preview:-1\" \/>\n<link rel=\"canonical\" href=\"https:\/\/revista-afacerea.ro\/afacerea\/curs-responsabil-cu-protectia-datelor-cu-caracter-personal-3\/\" \/>\n<meta property=\"og:locale\" content=\"ro_RO\" \/>\n<meta property=\"og:type\" content=\"article\" \/>\n<meta property=\"og:title\" content=\"Curs \u201eResponsabil cu protec\u021bia datelor cu caracter personal\u201d - Afacerea\" \/>\n<meta property=\"og:description\" content=\"Camera de Comer\u021b \u0219i Industrie a Municipiului Bucure\u0219ti (CCIB) \u00een parteneriat cu Professionals Business Knowledge organizeaz\u0103 \u00een sistem de videoconferin\u0163\u0103 cursul \u201eResponsabil cu protec\u021bia datelor cu caracter personal\u201d, acreditat ANC pentru toate modulele din standardul european, cod COR 242 231 ...\" \/>\n<meta property=\"og:url\" content=\"https:\/\/revista-afacerea.ro\/afacerea\/curs-responsabil-cu-protectia-datelor-cu-caracter-personal-3\/\" \/>\n<meta property=\"og:site_name\" content=\"Afacerea\" \/>\n<meta property=\"article:published_time\" content=\"2020-10-28T12:23:09+00:00\" \/>\n<meta property=\"article:modified_time\" content=\"2020-11-03T13:24:33+00:00\" \/>\n<meta property=\"og:image\" content=\"https:\/\/revista-afacerea.ro\/afacerea\/wp-content\/uploads\/2020\/09\/GDPR-graphic-e1599546104552.jpg\" \/>\n\t<meta property=\"og:image:width\" content=\"1351\" \/>\n\t<meta property=\"og:image:height\" content=\"565\" \/>\n\t<meta property=\"og:image:type\" content=\"image\/jpeg\" \/>\n<meta name=\"author\" content=\"\u0218erb\u0103nescu Cristina\" \/>\n<meta name=\"twitter:card\" content=\"summary_large_image\" \/>\n<meta name=\"twitter:label1\" content=\"Scris de\" \/>\n\t<meta name=\"twitter:data1\" content=\"\u0218erb\u0103nescu Cristina\" \/>\n\t<meta name=\"twitter:label2\" content=\"Timp estimat pentru citire\" \/>\n\t<meta name=\"twitter:data2\" content=\"3 minute\" \/>\n<script type=\"application\/ld+json\" class=\"yoast-schema-graph\">{\"@context\":\"https:\/\/schema.org\",\"@graph\":[{\"@type\":\"WebPage\",\"@id\":\"https:\/\/revista-afacerea.ro\/afacerea\/curs-responsabil-cu-protectia-datelor-cu-caracter-personal-3\/\",\"url\":\"https:\/\/revista-afacerea.ro\/afacerea\/curs-responsabil-cu-protectia-datelor-cu-caracter-personal-3\/\",\"name\":\"Curs \u201eResponsabil cu protec\u021bia datelor cu caracter personal\u201d - Afacerea\",\"isPartOf\":{\"@id\":\"https:\/\/revista-afacerea.ro\/afacerea\/#website\"},\"primaryImageOfPage\":{\"@id\":\"https:\/\/revista-afacerea.ro\/afacerea\/curs-responsabil-cu-protectia-datelor-cu-caracter-personal-3\/#primaryimage\"},\"image\":{\"@id\":\"https:\/\/revista-afacerea.ro\/afacerea\/curs-responsabil-cu-protectia-datelor-cu-caracter-personal-3\/#primaryimage\"},\"thumbnailUrl\":\"https:\/\/revista-afacerea.ro\/afacerea\/wp-content\/uploads\/2020\/09\/GDPR-graphic-e1599546104552.jpg\",\"datePublished\":\"2020-10-28T12:23:09+00:00\",\"dateModified\":\"2020-11-03T13:24:33+00:00\",\"author\":{\"@id\":\"https:\/\/revista-afacerea.ro\/afacerea\/#\/schema\/person\/ceb65c8cc8ed64d512809cf287a5c09f\"},\"breadcrumb\":{\"@id\":\"https:\/\/revista-afacerea.ro\/afacerea\/curs-responsabil-cu-protectia-datelor-cu-caracter-personal-3\/#breadcrumb\"},\"inLanguage\":\"ro-RO\",\"potentialAction\":[{\"@type\":\"ReadAction\",\"target\":[\"https:\/\/revista-afacerea.ro\/afacerea\/curs-responsabil-cu-protectia-datelor-cu-caracter-personal-3\/\"]}]},{\"@type\":\"ImageObject\",\"inLanguage\":\"ro-RO\",\"@id\":\"https:\/\/revista-afacerea.ro\/afacerea\/curs-responsabil-cu-protectia-datelor-cu-caracter-personal-3\/#primaryimage\",\"url\":\"https:\/\/revista-afacerea.ro\/afacerea\/wp-content\/uploads\/2020\/09\/GDPR-graphic-e1599546104552.jpg\",\"contentUrl\":\"https:\/\/revista-afacerea.ro\/afacerea\/wp-content\/uploads\/2020\/09\/GDPR-graphic-e1599546104552.jpg\",\"width\":1351,\"height\":565,\"caption\":\"Illustration showing key elements of GDPR (effective 25 May 2018) - DPOs, Compliance, Data Breaches and Personal Data\"},{\"@type\":\"BreadcrumbList\",\"@id\":\"https:\/\/revista-afacerea.ro\/afacerea\/curs-responsabil-cu-protectia-datelor-cu-caracter-personal-3\/#breadcrumb\",\"itemListElement\":[{\"@type\":\"ListItem\",\"position\":1,\"name\":\"Prima pagin\u0103\",\"item\":\"https:\/\/revista-afacerea.ro\/afacerea\/?issue=serie-noua-nr-41-15-01-01-2025-14-02-2025\"},{\"@type\":\"ListItem\",\"position\":2,\"name\":\"Curs \u201eResponsabil cu protec\u021bia datelor cu caracter personal\u201d\"}]},{\"@type\":\"WebSite\",\"@id\":\"https:\/\/revista-afacerea.ro\/afacerea\/#website\",\"url\":\"https:\/\/revista-afacerea.ro\/afacerea\/\",\"name\":\"Afacerea\",\"description\":\"\",\"potentialAction\":[{\"@type\":\"SearchAction\",\"target\":{\"@type\":\"EntryPoint\",\"urlTemplate\":\"https:\/\/revista-afacerea.ro\/afacerea\/?s={search_term_string}\"},\"query-input\":{\"@type\":\"PropertyValueSpecification\",\"valueRequired\":true,\"valueName\":\"search_term_string\"}}],\"inLanguage\":\"ro-RO\"},{\"@type\":\"Person\",\"@id\":\"https:\/\/revista-afacerea.ro\/afacerea\/#\/schema\/person\/ceb65c8cc8ed64d512809cf287a5c09f\",\"name\":\"\u0218erb\u0103nescu Cristina\",\"image\":{\"@type\":\"ImageObject\",\"inLanguage\":\"ro-RO\",\"@id\":\"https:\/\/revista-afacerea.ro\/afacerea\/#\/schema\/person\/image\/\",\"url\":\"https:\/\/secure.gravatar.com\/avatar\/4cd5c0bd17d39883f148ea9bb5d3745b?s=96&d=mm&r=g\",\"contentUrl\":\"https:\/\/secure.gravatar.com\/avatar\/4cd5c0bd17d39883f148ea9bb5d3745b?s=96&d=mm&r=g\",\"caption\":\"\u0218erb\u0103nescu Cristina\"},\"url\":\"https:\/\/revista-afacerea.ro\/afacerea\/author\/cristina-serbanescu\/\"}]}<\/script>\n<!-- \/ Yoast SEO plugin. -->","yoast_head_json":{"title":"Curs \u201eResponsabil cu protec\u021bia datelor cu caracter personal\u201d - Afacerea","robots":{"index":"index","follow":"follow","max-snippet":"max-snippet:-1","max-image-preview":"max-image-preview:large","max-video-preview":"max-video-preview:-1"},"canonical":"https:\/\/revista-afacerea.ro\/afacerea\/curs-responsabil-cu-protectia-datelor-cu-caracter-personal-3\/","og_locale":"ro_RO","og_type":"article","og_title":"Curs \u201eResponsabil cu protec\u021bia datelor cu caracter personal\u201d - Afacerea","og_description":"Camera de Comer\u021b \u0219i Industrie a Municipiului Bucure\u0219ti (CCIB) \u00een parteneriat cu Professionals Business Knowledge organizeaz\u0103 \u00een sistem de videoconferin\u0163\u0103 cursul \u201eResponsabil cu protec\u021bia datelor cu caracter personal\u201d, acreditat ANC pentru toate modulele din standardul european, cod COR 242 231 ...","og_url":"https:\/\/revista-afacerea.ro\/afacerea\/curs-responsabil-cu-protectia-datelor-cu-caracter-personal-3\/","og_site_name":"Afacerea","article_published_time":"2020-10-28T12:23:09+00:00","article_modified_time":"2020-11-03T13:24:33+00:00","og_image":[{"width":1351,"height":565,"url":"https:\/\/revista-afacerea.ro\/afacerea\/wp-content\/uploads\/2020\/09\/GDPR-graphic-e1599546104552.jpg","type":"image\/jpeg"}],"author":"\u0218erb\u0103nescu Cristina","twitter_card":"summary_large_image","twitter_misc":{"Scris de":"\u0218erb\u0103nescu Cristina","Timp estimat pentru citire":"3 minute"},"schema":{"@context":"https:\/\/schema.org","@graph":[{"@type":"WebPage","@id":"https:\/\/revista-afacerea.ro\/afacerea\/curs-responsabil-cu-protectia-datelor-cu-caracter-personal-3\/","url":"https:\/\/revista-afacerea.ro\/afacerea\/curs-responsabil-cu-protectia-datelor-cu-caracter-personal-3\/","name":"Curs \u201eResponsabil cu protec\u021bia datelor cu caracter personal\u201d - Afacerea","isPartOf":{"@id":"https:\/\/revista-afacerea.ro\/afacerea\/#website"},"primaryImageOfPage":{"@id":"https:\/\/revista-afacerea.ro\/afacerea\/curs-responsabil-cu-protectia-datelor-cu-caracter-personal-3\/#primaryimage"},"image":{"@id":"https:\/\/revista-afacerea.ro\/afacerea\/curs-responsabil-cu-protectia-datelor-cu-caracter-personal-3\/#primaryimage"},"thumbnailUrl":"https:\/\/revista-afacerea.ro\/afacerea\/wp-content\/uploads\/2020\/09\/GDPR-graphic-e1599546104552.jpg","datePublished":"2020-10-28T12:23:09+00:00","dateModified":"2020-11-03T13:24:33+00:00","author":{"@id":"https:\/\/revista-afacerea.ro\/afacerea\/#\/schema\/person\/ceb65c8cc8ed64d512809cf287a5c09f"},"breadcrumb":{"@id":"https:\/\/revista-afacerea.ro\/afacerea\/curs-responsabil-cu-protectia-datelor-cu-caracter-personal-3\/#breadcrumb"},"inLanguage":"ro-RO","potentialAction":[{"@type":"ReadAction","target":["https:\/\/revista-afacerea.ro\/afacerea\/curs-responsabil-cu-protectia-datelor-cu-caracter-personal-3\/"]}]},{"@type":"ImageObject","inLanguage":"ro-RO","@id":"https:\/\/revista-afacerea.ro\/afacerea\/curs-responsabil-cu-protectia-datelor-cu-caracter-personal-3\/#primaryimage","url":"https:\/\/revista-afacerea.ro\/afacerea\/wp-content\/uploads\/2020\/09\/GDPR-graphic-e1599546104552.jpg","contentUrl":"https:\/\/revista-afacerea.ro\/afacerea\/wp-content\/uploads\/2020\/09\/GDPR-graphic-e1599546104552.jpg","width":1351,"height":565,"caption":"Illustration showing key elements of GDPR (effective 25 May 2018) - DPOs, Compliance, Data Breaches and Personal Data"},{"@type":"BreadcrumbList","@id":"https:\/\/revista-afacerea.ro\/afacerea\/curs-responsabil-cu-protectia-datelor-cu-caracter-personal-3\/#breadcrumb","itemListElement":[{"@type":"ListItem","position":1,"name":"Prima pagin\u0103","item":"https:\/\/revista-afacerea.ro\/afacerea\/?issue=serie-noua-nr-41-15-01-01-2025-14-02-2025"},{"@type":"ListItem","position":2,"name":"Curs \u201eResponsabil cu protec\u021bia datelor cu caracter personal\u201d"}]},{"@type":"WebSite","@id":"https:\/\/revista-afacerea.ro\/afacerea\/#website","url":"https:\/\/revista-afacerea.ro\/afacerea\/","name":"Afacerea","description":"","potentialAction":[{"@type":"SearchAction","target":{"@type":"EntryPoint","urlTemplate":"https:\/\/revista-afacerea.ro\/afacerea\/?s={search_term_string}"},"query-input":{"@type":"PropertyValueSpecification","valueRequired":true,"valueName":"search_term_string"}}],"inLanguage":"ro-RO"},{"@type":"Person","@id":"https:\/\/revista-afacerea.ro\/afacerea\/#\/schema\/person\/ceb65c8cc8ed64d512809cf287a5c09f","name":"\u0218erb\u0103nescu Cristina","image":{"@type":"ImageObject","inLanguage":"ro-RO","@id":"https:\/\/revista-afacerea.ro\/afacerea\/#\/schema\/person\/image\/","url":"https:\/\/secure.gravatar.com\/avatar\/4cd5c0bd17d39883f148ea9bb5d3745b?s=96&d=mm&r=g","contentUrl":"https:\/\/secure.gravatar.com\/avatar\/4cd5c0bd17d39883f148ea9bb5d3745b?s=96&d=mm&r=g","caption":"\u0218erb\u0103nescu Cristina"},"url":"https:\/\/revista-afacerea.ro\/afacerea\/author\/cristina-serbanescu\/"}]}},"_links":{"self":[{"href":"https:\/\/revista-afacerea.ro\/afacerea\/wp-json\/wp\/v2\/posts\/2156","targetHints":{"allow":["GET"]}}],"collection":[{"href":"https:\/\/revista-afacerea.ro\/afacerea\/wp-json\/wp\/v2\/posts"}],"about":[{"href":"https:\/\/revista-afacerea.ro\/afacerea\/wp-json\/wp\/v2\/types\/post"}],"author":[{"embeddable":true,"href":"https:\/\/revista-afacerea.ro\/afacerea\/wp-json\/wp\/v2\/users\/2"}],"replies":[{"embeddable":true,"href":"https:\/\/revista-afacerea.ro\/afacerea\/wp-json\/wp\/v2\/comments?post=2156"}],"version-history":[{"count":3,"href":"https:\/\/revista-afacerea.ro\/afacerea\/wp-json\/wp\/v2\/posts\/2156\/revisions"}],"predecessor-version":[{"id":2432,"href":"https:\/\/revista-afacerea.ro\/afacerea\/wp-json\/wp\/v2\/posts\/2156\/revisions\/2432"}],"wp:featuredmedia":[{"embeddable":true,"href":"https:\/\/revista-afacerea.ro\/afacerea\/wp-json\/wp\/v2\/media\/1546"}],"wp:attachment":[{"href":"https:\/\/revista-afacerea.ro\/afacerea\/wp-json\/wp\/v2\/media?parent=2156"}],"wp:term":[{"taxonomy":"category","embeddable":true,"href":"https:\/\/revista-afacerea.ro\/afacerea\/wp-json\/wp\/v2\/categories?post=2156"},{"taxonomy":"post_tag","embeddable":true,"href":"https:\/\/revista-afacerea.ro\/afacerea\/wp-json\/wp\/v2\/tags?post=2156"}],"curies":[{"name":"wp","href":"https:\/\/api.w.org\/{rel}","templated":true}]}}