{"id":2153,"date":"2020-10-28T12:17:36","date_gmt":"2020-10-28T12:17:36","guid":{"rendered":"https:\/\/ccib.ro\/afacerea\/?p=2153"},"modified":"2020-11-02T12:45:08","modified_gmt":"2020-11-02T12:45:08","slug":"e-s-raja-jhinaoui-ben-ali-ambasador-extraordinar-si-plenipotentiar-al-republicii-tunisiene-in-romania-a-vizitat-din-nou-ccib","status":"publish","type":"post","link":"https:\/\/revista-afacerea.ro\/afacerea\/e-s-raja-jhinaoui-ben-ali-ambasador-extraordinar-si-plenipotentiar-al-republicii-tunisiene-in-romania-a-vizitat-din-nou-ccib\/","title":{"rendered":"E.S. Raja Jhinaoui Ben Ali, ambasador extraordinar \u0219i plenipoten\u021biar al Republicii Tunisiene \u00een Rom\u00e2nia a vizitat din nou CCIB"},"content":{"rendered":"<div class=\"pdfprnt-buttons pdfprnt-buttons-post pdfprnt-top-right\"><a href=\"https:\/\/revista-afacerea.ro\/afacerea\/wp-json\/wp\/v2\/posts\/2153?print=pdf\" class=\"pdfprnt-button pdfprnt-button-pdf\" target=\"_blank\"><img decoding=\"async\" src=\"https:\/\/ccib.ro\/afacerea\/wp-content\/plugins\/pdf-print\/images\/pdf.png\" alt=\"image_pdf\" title=\"View PDF\" \/><\/a><a href=\"https:\/\/revista-afacerea.ro\/afacerea\/wp-json\/wp\/v2\/posts\/2153?print=print\" class=\"pdfprnt-button pdfprnt-button-print\" target=\"_blank\"><img decoding=\"async\" src=\"https:\/\/ccib.ro\/afacerea\/wp-content\/plugins\/pdf-print\/images\/print.png\" alt=\"image_print\" title=\"Print Content\" \/><\/a><\/div><p>La jum\u0103tatea lunii octombrie, pre\u015fedintele Camerei bucure\u015ftene, dr. ing. Costic\u0103 T. Musta\u021b\u0103, a avut o nou\u0103 \u00eentrevedere cu E.S. Raja Jhinaoui Ben Ali, ambasadorul extraordinar \u0219i plenipoten\u021biar al Republicii Tunisiene \u00een Rom\u00e2nia. La \u00eent\u00e2lnire a participat, de asemenea, prof. dr. ing. Ion Hohan, pre\u0219edintele Sec\u021biunii Servicii, vicepre\u0219edinte al CCIB.<\/p>\n<p>\u00cen deschidere, dr. ing. Costic\u0103 T. Musta\u021b\u0103 a reiterat importan\u021ba acordat\u0103 \u00een strategia Camerei bucure\u0219tene dezvolt\u0103rii colabor\u0103rii comercial-economice cu \u0163\u0103rile din afara Uniunii Europene, inclusiv cu cele din Africa, punct\u00e2nd posibilit\u0103\u0163ile reale de colaborare \u00eentre partenerii din cele dou\u0103 \u0163\u0103ri. \u201e\u00cen primele 7 luni ale anului curent, Tunisia reprezint\u0103 a doua pia\u021b\u0103 de desfacere a produselor rom\u00e2ne\u0219ti din Africa \u0219i este a doua \u021bar\u0103 de origine pentru produsele din acest continent intrate \u00een \u021bara noastr\u0103. Acestea sunt dovezi ale poten\u021bialului celor dou\u0103 economii de a coopera, chiar \u00een condi\u021biile dificile existente \u00een acest an din cauza pandemiei de Covid-19\u201d, a subliniat pre\u0219edintele CCIB.<\/p>\n<p>Mul\u021bumind pentru informa\u021biile \u0219i oportunit\u0103\u021bile de afaceri primite din partea Ambasadei, pre\u0219edintele Camerei bucure\u015ftene a informat c\u0103 acestea sunt diseminate imediat membrilor CCIB, prin canalele specifice. De asemenea, a vorbit \u0219efei misiunii diplomatice tunisiene despre disponibilitatea de a se organiza o misiune economic\u0103 cu prilejul Salonul M\u00e9diterran\u00e9en du B\u00e2timent 2021, care va avea loc in perioada 3-6 martie la Targul International din Sfax, cu ocazia celei de-a 30-a anivers\u0103ri a MediBat.<\/p>\n<p>E.S. Raja Jhinaoui Ben Ali a apreciat buna colaborare cu CCIB \u0219i a exprimat dorin\u021ba de a fi sprijinit\u0103 \u00een eforturile pe care le depune pentru o mai eficient\u0103 colaborare \u00eentre firmele din cele dou\u0103 \u021b\u0103ri, amintind \u00een context oportunitatea de a fi promovate produse tunisiene pe pia\u021ba noastr\u0103, cum ar fi citricele sau curmalele, la care s-a \u00eenregistrat o recolt\u0103 de excep\u021bie \u00een acest an. Totodat\u0103, \u0219i-a exprimat preocuparea de a fi folosite toate c\u0103ile pentru promovarea rela\u021biilor economice bilaterale, inclusiv prin implicarea mai activ\u0103 a Camerei de Comer\u021b \u0219i Industrie Rom\u00e2nia-Tunisia. Totodat\u0103 ambasadorul Tunisiei \u00een Rom\u00e2nia a propus includerea \u00een program, \u00een a doua parte a lunii noiembrie a.c., a unui eveniment de promovare \u00een regim online, \u00een organizarea Camerei de Comer\u021b \u0219i Industrie din Tunis \u0219i a CCIB.<\/p>\n<p>\u00cen final, cele dou\u0103 p\u0103r\u021bi au apreciat c\u0103 organizarea \u00een comun a unor evenimente, inclusiv \u00een mediul virtual (\u00een sistem de videoconferin\u021b\u0103) \u00een perioada pandemiei, care s\u0103 ofere oamenilor de afaceri din cele dou\u0103 \u021b\u0103ri posibilitatea de a se cunoa\u0219te \u0219i de a discuta proiecte concrete constituie pa\u0219i eficien\u021bi \u00een direc\u021bia major\u0103rii schimburilor comerciale \u0219i dezvolt\u0103rii cooper\u0103rii bilaterale.<\/p>\n<p>Asemenea comer\u021bului exterior rom\u00e2nesc, \u0219i schimburile comerciale rom\u00e2no-tunisiene au fost afectate de pandemia de Covid-19, \u00eenregistr\u00e2ndu-se \u00een primele 7 luni din acest an (date disponibile), comparativ cu perioada similar\u0103 din 2019, o contrac\u021bie de 14,9% \u00een ceea ce prive\u0219te volumul total, at\u00e2t din cauza reducerii exporturilor \u00een aceast\u0103 \u021bar\u0103 cu 12,7%, ating\u00e2nd 81,7 milioane USD, c\u00e2t \u0219i a importului rom\u00e2nesc, care s-a contractat cu 19,9%, cobor\u00e2nd la 33,1 milioane USD.<\/p>\n<p>La 31 iulie 2020, Republica Tunisian\u0103 a fost a doua pia\u021b\u0103 de desfacere a produselor rom\u00e2ne\u0219ti \u00een Africa, dup\u0103 Maroc, devans\u00e2nd Africa de Sud, Sudan, Algeria \u0219i Libia \u0219i tot a doua \u021bar\u0103 de origine, dup\u0103 Maroc, dar \u00eenaintea altor \u021b\u0103ri ca Sierra Leone \u0219i Africa de Sud, a m\u0103rfurilor intrate \u00een Rom\u00e2nia de pe continentul african.<\/p>\n<p>Din punct de vedere al structurii, la export pe primele locuri s-au situate urm\u0103toarele m\u0103rfuri: orz \u2013 25,4 mil. USD (reprezent\u00e2nd 31,1% din exportul pe aceast\u0103 pia\u021b\u0103), produse petroliere \u2013 18,7 mil. USD (22,9%), panouri, tablouri, dulapuri electrice \u2013 9,2 mil. USD (11,3%), gr\u00e2u \u20135,5 mil. USD (6,7%), porumb \u2013 4,8 mil. USD (5,9%), panouri fibrolemnoase \u2013 1,8 mil. USD \u0219i cherestea \u20131,5 mil. USD; la import: fire, cabluri \u0219i conductori electrici \u2013 10 mil. USD (30,2% din totalul importurilor din Tunisia), p\u0103r\u021bi \u0219i accesorii auto \u2013 7,9 mil. USD (23,9 %), circuite imprimate \u2013 4,3 mil.euro (13%), \u00eengr\u0103\u0219\u0103minte minerale \u2013 4,3 mil. USD (13%), materiale plastice \u2013 2,4 mil. USD (7,2%).<\/p>\n<p style=\"text-align: right;\">Mircea TOADER<br \/>\n<a href=\"mailto:mircea.toader@ccib.ro\">mircea.toader@ccib.ro<\/a><\/p>\n","protected":false},"excerpt":{"rendered":"<p>La jum\u0103tatea lunii octombrie, pre\u015fedintele Camerei bucure\u015ftene, dr. ing. Costic\u0103 T. Musta\u021b\u0103, a avut o nou\u0103 \u00eentrevedere cu E.S. Raja Jhinaoui Ben Ali, ambasadorul extraordinar \u0219i plenipoten\u021biar al Republicii Tunisiene \u00een Rom\u00e2nia. La \u00eent\u00e2lnire a participat, de asemenea, prof. dr. ing. Ion Hohan, pre\u0219edintele Sec\u021biunii Servicii, vicepre\u0219edinte al CCIB &#8230;<\/p>\n","protected":false},"author":2,"featured_media":2154,"comment_status":"closed","ping_status":"closed","sticky":false,"template":"","format":"standard","meta":{"_acf_changed":false,"footnotes":""},"categories":[3],"tags":[],"class_list":["post-2153","post","type-post","status-publish","format-standard","has-post-thumbnail","hentry","category-activitate-camerala","issue-serie-noua-nr-3-04-11-2020-01-12-2020"],"acf":[],"yoast_head":"<!-- This site is optimized with the Yoast SEO plugin v24.4 - https:\/\/yoast.com\/wordpress\/plugins\/seo\/ -->\n<title>E.S. Raja Jhinaoui Ben Ali, ambasador extraordinar \u0219i plenipoten\u021biar al Republicii Tunisiene \u00een Rom\u00e2nia a vizitat din nou CCIB - Afacerea<\/title>\n<meta name=\"robots\" content=\"index, follow, max-snippet:-1, max-image-preview:large, max-video-preview:-1\" \/>\n<link rel=\"canonical\" href=\"https:\/\/revista-afacerea.ro\/afacerea\/e-s-raja-jhinaoui-ben-ali-ambasador-extraordinar-si-plenipotentiar-al-republicii-tunisiene-in-romania-a-vizitat-din-nou-ccib\/\" \/>\n<meta property=\"og:locale\" content=\"ro_RO\" \/>\n<meta property=\"og:type\" content=\"article\" \/>\n<meta property=\"og:title\" content=\"E.S. Raja Jhinaoui Ben Ali, ambasador extraordinar \u0219i plenipoten\u021biar al Republicii Tunisiene \u00een Rom\u00e2nia a vizitat din nou CCIB - Afacerea\" \/>\n<meta property=\"og:description\" content=\"La jum\u0103tatea lunii octombrie, pre\u015fedintele Camerei bucure\u015ftene, dr. ing. Costic\u0103 T. Musta\u021b\u0103, a avut o nou\u0103 \u00eentrevedere cu E.S. Raja Jhinaoui Ben Ali, ambasadorul extraordinar \u0219i plenipoten\u021biar al Republicii Tunisiene \u00een Rom\u00e2nia. La \u00eent\u00e2lnire a participat, de asemenea, prof. dr. ing. Ion Hohan, pre\u0219edintele Sec\u021biunii Servicii, vicepre\u0219edinte al CCIB ...\" \/>\n<meta property=\"og:url\" content=\"https:\/\/revista-afacerea.ro\/afacerea\/e-s-raja-jhinaoui-ben-ali-ambasador-extraordinar-si-plenipotentiar-al-republicii-tunisiene-in-romania-a-vizitat-din-nou-ccib\/\" \/>\n<meta property=\"og:site_name\" content=\"Afacerea\" \/>\n<meta property=\"article:published_time\" content=\"2020-10-28T12:17:36+00:00\" \/>\n<meta property=\"article:modified_time\" content=\"2020-11-02T12:45:08+00:00\" \/>\n<meta property=\"og:image\" content=\"https:\/\/revista-afacerea.ro\/afacerea\/wp-content\/uploads\/2020\/10\/Foto_Activitate_camerala_1-scaled-e1603887433212.jpg\" \/>\n\t<meta property=\"og:image:width\" content=\"2470\" \/>\n\t<meta property=\"og:image:height\" content=\"1280\" \/>\n\t<meta property=\"og:image:type\" content=\"image\/jpeg\" \/>\n<meta name=\"author\" content=\"\u0218erb\u0103nescu Cristina\" \/>\n<meta name=\"twitter:card\" content=\"summary_large_image\" \/>\n<meta name=\"twitter:label1\" content=\"Scris de\" \/>\n\t<meta name=\"twitter:data1\" content=\"\u0218erb\u0103nescu Cristina\" \/>\n\t<meta name=\"twitter:label2\" content=\"Timp estimat pentru citire\" \/>\n\t<meta name=\"twitter:data2\" content=\"3 minute\" \/>\n<script type=\"application\/ld+json\" class=\"yoast-schema-graph\">{\"@context\":\"https:\/\/schema.org\",\"@graph\":[{\"@type\":\"WebPage\",\"@id\":\"https:\/\/revista-afacerea.ro\/afacerea\/e-s-raja-jhinaoui-ben-ali-ambasador-extraordinar-si-plenipotentiar-al-republicii-tunisiene-in-romania-a-vizitat-din-nou-ccib\/\",\"url\":\"https:\/\/revista-afacerea.ro\/afacerea\/e-s-raja-jhinaoui-ben-ali-ambasador-extraordinar-si-plenipotentiar-al-republicii-tunisiene-in-romania-a-vizitat-din-nou-ccib\/\",\"name\":\"E.S. Raja Jhinaoui Ben Ali, ambasador extraordinar \u0219i plenipoten\u021biar al Republicii Tunisiene \u00een Rom\u00e2nia a vizitat din nou CCIB - Afacerea\",\"isPartOf\":{\"@id\":\"https:\/\/revista-afacerea.ro\/afacerea\/#website\"},\"primaryImageOfPage\":{\"@id\":\"https:\/\/revista-afacerea.ro\/afacerea\/e-s-raja-jhinaoui-ben-ali-ambasador-extraordinar-si-plenipotentiar-al-republicii-tunisiene-in-romania-a-vizitat-din-nou-ccib\/#primaryimage\"},\"image\":{\"@id\":\"https:\/\/revista-afacerea.ro\/afacerea\/e-s-raja-jhinaoui-ben-ali-ambasador-extraordinar-si-plenipotentiar-al-republicii-tunisiene-in-romania-a-vizitat-din-nou-ccib\/#primaryimage\"},\"thumbnailUrl\":\"https:\/\/revista-afacerea.ro\/afacerea\/wp-content\/uploads\/2020\/10\/Foto_Activitate_camerala_1-scaled-e1603887433212.jpg\",\"datePublished\":\"2020-10-28T12:17:36+00:00\",\"dateModified\":\"2020-11-02T12:45:08+00:00\",\"author\":{\"@id\":\"https:\/\/revista-afacerea.ro\/afacerea\/#\/schema\/person\/ceb65c8cc8ed64d512809cf287a5c09f\"},\"breadcrumb\":{\"@id\":\"https:\/\/revista-afacerea.ro\/afacerea\/e-s-raja-jhinaoui-ben-ali-ambasador-extraordinar-si-plenipotentiar-al-republicii-tunisiene-in-romania-a-vizitat-din-nou-ccib\/#breadcrumb\"},\"inLanguage\":\"ro-RO\",\"potentialAction\":[{\"@type\":\"ReadAction\",\"target\":[\"https:\/\/revista-afacerea.ro\/afacerea\/e-s-raja-jhinaoui-ben-ali-ambasador-extraordinar-si-plenipotentiar-al-republicii-tunisiene-in-romania-a-vizitat-din-nou-ccib\/\"]}]},{\"@type\":\"ImageObject\",\"inLanguage\":\"ro-RO\",\"@id\":\"https:\/\/revista-afacerea.ro\/afacerea\/e-s-raja-jhinaoui-ben-ali-ambasador-extraordinar-si-plenipotentiar-al-republicii-tunisiene-in-romania-a-vizitat-din-nou-ccib\/#primaryimage\",\"url\":\"https:\/\/revista-afacerea.ro\/afacerea\/wp-content\/uploads\/2020\/10\/Foto_Activitate_camerala_1-scaled-e1603887433212.jpg\",\"contentUrl\":\"https:\/\/revista-afacerea.ro\/afacerea\/wp-content\/uploads\/2020\/10\/Foto_Activitate_camerala_1-scaled-e1603887433212.jpg\",\"width\":2470,\"height\":1280},{\"@type\":\"BreadcrumbList\",\"@id\":\"https:\/\/revista-afacerea.ro\/afacerea\/e-s-raja-jhinaoui-ben-ali-ambasador-extraordinar-si-plenipotentiar-al-republicii-tunisiene-in-romania-a-vizitat-din-nou-ccib\/#breadcrumb\",\"itemListElement\":[{\"@type\":\"ListItem\",\"position\":1,\"name\":\"Prima pagin\u0103\",\"item\":\"https:\/\/revista-afacerea.ro\/afacerea\/?issue=serie-noua-nr-41-15-01-01-2025-14-02-2025\"},{\"@type\":\"ListItem\",\"position\":2,\"name\":\"E.S. Raja Jhinaoui Ben Ali, ambasador extraordinar \u0219i plenipoten\u021biar al Republicii Tunisiene \u00een Rom\u00e2nia a vizitat din nou CCIB\"}]},{\"@type\":\"WebSite\",\"@id\":\"https:\/\/revista-afacerea.ro\/afacerea\/#website\",\"url\":\"https:\/\/revista-afacerea.ro\/afacerea\/\",\"name\":\"Afacerea\",\"description\":\"\",\"potentialAction\":[{\"@type\":\"SearchAction\",\"target\":{\"@type\":\"EntryPoint\",\"urlTemplate\":\"https:\/\/revista-afacerea.ro\/afacerea\/?s={search_term_string}\"},\"query-input\":{\"@type\":\"PropertyValueSpecification\",\"valueRequired\":true,\"valueName\":\"search_term_string\"}}],\"inLanguage\":\"ro-RO\"},{\"@type\":\"Person\",\"@id\":\"https:\/\/revista-afacerea.ro\/afacerea\/#\/schema\/person\/ceb65c8cc8ed64d512809cf287a5c09f\",\"name\":\"\u0218erb\u0103nescu Cristina\",\"image\":{\"@type\":\"ImageObject\",\"inLanguage\":\"ro-RO\",\"@id\":\"https:\/\/revista-afacerea.ro\/afacerea\/#\/schema\/person\/image\/\",\"url\":\"https:\/\/secure.gravatar.com\/avatar\/4cd5c0bd17d39883f148ea9bb5d3745b?s=96&d=mm&r=g\",\"contentUrl\":\"https:\/\/secure.gravatar.com\/avatar\/4cd5c0bd17d39883f148ea9bb5d3745b?s=96&d=mm&r=g\",\"caption\":\"\u0218erb\u0103nescu Cristina\"},\"url\":\"https:\/\/revista-afacerea.ro\/afacerea\/author\/cristina-serbanescu\/\"}]}<\/script>\n<!-- \/ Yoast SEO plugin. -->","yoast_head_json":{"title":"E.S. Raja Jhinaoui Ben Ali, ambasador extraordinar \u0219i plenipoten\u021biar al Republicii Tunisiene \u00een Rom\u00e2nia a vizitat din nou CCIB - Afacerea","robots":{"index":"index","follow":"follow","max-snippet":"max-snippet:-1","max-image-preview":"max-image-preview:large","max-video-preview":"max-video-preview:-1"},"canonical":"https:\/\/revista-afacerea.ro\/afacerea\/e-s-raja-jhinaoui-ben-ali-ambasador-extraordinar-si-plenipotentiar-al-republicii-tunisiene-in-romania-a-vizitat-din-nou-ccib\/","og_locale":"ro_RO","og_type":"article","og_title":"E.S. Raja Jhinaoui Ben Ali, ambasador extraordinar \u0219i plenipoten\u021biar al Republicii Tunisiene \u00een Rom\u00e2nia a vizitat din nou CCIB - Afacerea","og_description":"La jum\u0103tatea lunii octombrie, pre\u015fedintele Camerei bucure\u015ftene, dr. ing. Costic\u0103 T. Musta\u021b\u0103, a avut o nou\u0103 \u00eentrevedere cu E.S. Raja Jhinaoui Ben Ali, ambasadorul extraordinar \u0219i plenipoten\u021biar al Republicii Tunisiene \u00een Rom\u00e2nia. La \u00eent\u00e2lnire a participat, de asemenea, prof. dr. ing. Ion Hohan, pre\u0219edintele Sec\u021biunii Servicii, vicepre\u0219edinte al CCIB ...","og_url":"https:\/\/revista-afacerea.ro\/afacerea\/e-s-raja-jhinaoui-ben-ali-ambasador-extraordinar-si-plenipotentiar-al-republicii-tunisiene-in-romania-a-vizitat-din-nou-ccib\/","og_site_name":"Afacerea","article_published_time":"2020-10-28T12:17:36+00:00","article_modified_time":"2020-11-02T12:45:08+00:00","og_image":[{"width":2470,"height":1280,"url":"https:\/\/revista-afacerea.ro\/afacerea\/wp-content\/uploads\/2020\/10\/Foto_Activitate_camerala_1-scaled-e1603887433212.jpg","type":"image\/jpeg"}],"author":"\u0218erb\u0103nescu Cristina","twitter_card":"summary_large_image","twitter_misc":{"Scris de":"\u0218erb\u0103nescu Cristina","Timp estimat pentru citire":"3 minute"},"schema":{"@context":"https:\/\/schema.org","@graph":[{"@type":"WebPage","@id":"https:\/\/revista-afacerea.ro\/afacerea\/e-s-raja-jhinaoui-ben-ali-ambasador-extraordinar-si-plenipotentiar-al-republicii-tunisiene-in-romania-a-vizitat-din-nou-ccib\/","url":"https:\/\/revista-afacerea.ro\/afacerea\/e-s-raja-jhinaoui-ben-ali-ambasador-extraordinar-si-plenipotentiar-al-republicii-tunisiene-in-romania-a-vizitat-din-nou-ccib\/","name":"E.S. Raja Jhinaoui Ben Ali, ambasador extraordinar \u0219i plenipoten\u021biar al Republicii Tunisiene \u00een Rom\u00e2nia a vizitat din nou CCIB - Afacerea","isPartOf":{"@id":"https:\/\/revista-afacerea.ro\/afacerea\/#website"},"primaryImageOfPage":{"@id":"https:\/\/revista-afacerea.ro\/afacerea\/e-s-raja-jhinaoui-ben-ali-ambasador-extraordinar-si-plenipotentiar-al-republicii-tunisiene-in-romania-a-vizitat-din-nou-ccib\/#primaryimage"},"image":{"@id":"https:\/\/revista-afacerea.ro\/afacerea\/e-s-raja-jhinaoui-ben-ali-ambasador-extraordinar-si-plenipotentiar-al-republicii-tunisiene-in-romania-a-vizitat-din-nou-ccib\/#primaryimage"},"thumbnailUrl":"https:\/\/revista-afacerea.ro\/afacerea\/wp-content\/uploads\/2020\/10\/Foto_Activitate_camerala_1-scaled-e1603887433212.jpg","datePublished":"2020-10-28T12:17:36+00:00","dateModified":"2020-11-02T12:45:08+00:00","author":{"@id":"https:\/\/revista-afacerea.ro\/afacerea\/#\/schema\/person\/ceb65c8cc8ed64d512809cf287a5c09f"},"breadcrumb":{"@id":"https:\/\/revista-afacerea.ro\/afacerea\/e-s-raja-jhinaoui-ben-ali-ambasador-extraordinar-si-plenipotentiar-al-republicii-tunisiene-in-romania-a-vizitat-din-nou-ccib\/#breadcrumb"},"inLanguage":"ro-RO","potentialAction":[{"@type":"ReadAction","target":["https:\/\/revista-afacerea.ro\/afacerea\/e-s-raja-jhinaoui-ben-ali-ambasador-extraordinar-si-plenipotentiar-al-republicii-tunisiene-in-romania-a-vizitat-din-nou-ccib\/"]}]},{"@type":"ImageObject","inLanguage":"ro-RO","@id":"https:\/\/revista-afacerea.ro\/afacerea\/e-s-raja-jhinaoui-ben-ali-ambasador-extraordinar-si-plenipotentiar-al-republicii-tunisiene-in-romania-a-vizitat-din-nou-ccib\/#primaryimage","url":"https:\/\/revista-afacerea.ro\/afacerea\/wp-content\/uploads\/2020\/10\/Foto_Activitate_camerala_1-scaled-e1603887433212.jpg","contentUrl":"https:\/\/revista-afacerea.ro\/afacerea\/wp-content\/uploads\/2020\/10\/Foto_Activitate_camerala_1-scaled-e1603887433212.jpg","width":2470,"height":1280},{"@type":"BreadcrumbList","@id":"https:\/\/revista-afacerea.ro\/afacerea\/e-s-raja-jhinaoui-ben-ali-ambasador-extraordinar-si-plenipotentiar-al-republicii-tunisiene-in-romania-a-vizitat-din-nou-ccib\/#breadcrumb","itemListElement":[{"@type":"ListItem","position":1,"name":"Prima pagin\u0103","item":"https:\/\/revista-afacerea.ro\/afacerea\/?issue=serie-noua-nr-41-15-01-01-2025-14-02-2025"},{"@type":"ListItem","position":2,"name":"E.S. Raja Jhinaoui Ben Ali, ambasador extraordinar \u0219i plenipoten\u021biar al Republicii Tunisiene \u00een Rom\u00e2nia a vizitat din nou CCIB"}]},{"@type":"WebSite","@id":"https:\/\/revista-afacerea.ro\/afacerea\/#website","url":"https:\/\/revista-afacerea.ro\/afacerea\/","name":"Afacerea","description":"","potentialAction":[{"@type":"SearchAction","target":{"@type":"EntryPoint","urlTemplate":"https:\/\/revista-afacerea.ro\/afacerea\/?s={search_term_string}"},"query-input":{"@type":"PropertyValueSpecification","valueRequired":true,"valueName":"search_term_string"}}],"inLanguage":"ro-RO"},{"@type":"Person","@id":"https:\/\/revista-afacerea.ro\/afacerea\/#\/schema\/person\/ceb65c8cc8ed64d512809cf287a5c09f","name":"\u0218erb\u0103nescu Cristina","image":{"@type":"ImageObject","inLanguage":"ro-RO","@id":"https:\/\/revista-afacerea.ro\/afacerea\/#\/schema\/person\/image\/","url":"https:\/\/secure.gravatar.com\/avatar\/4cd5c0bd17d39883f148ea9bb5d3745b?s=96&d=mm&r=g","contentUrl":"https:\/\/secure.gravatar.com\/avatar\/4cd5c0bd17d39883f148ea9bb5d3745b?s=96&d=mm&r=g","caption":"\u0218erb\u0103nescu Cristina"},"url":"https:\/\/revista-afacerea.ro\/afacerea\/author\/cristina-serbanescu\/"}]}},"_links":{"self":[{"href":"https:\/\/revista-afacerea.ro\/afacerea\/wp-json\/wp\/v2\/posts\/2153","targetHints":{"allow":["GET"]}}],"collection":[{"href":"https:\/\/revista-afacerea.ro\/afacerea\/wp-json\/wp\/v2\/posts"}],"about":[{"href":"https:\/\/revista-afacerea.ro\/afacerea\/wp-json\/wp\/v2\/types\/post"}],"author":[{"embeddable":true,"href":"https:\/\/revista-afacerea.ro\/afacerea\/wp-json\/wp\/v2\/users\/2"}],"replies":[{"embeddable":true,"href":"https:\/\/revista-afacerea.ro\/afacerea\/wp-json\/wp\/v2\/comments?post=2153"}],"version-history":[{"count":3,"href":"https:\/\/revista-afacerea.ro\/afacerea\/wp-json\/wp\/v2\/posts\/2153\/revisions"}],"predecessor-version":[{"id":2305,"href":"https:\/\/revista-afacerea.ro\/afacerea\/wp-json\/wp\/v2\/posts\/2153\/revisions\/2305"}],"wp:featuredmedia":[{"embeddable":true,"href":"https:\/\/revista-afacerea.ro\/afacerea\/wp-json\/wp\/v2\/media\/2154"}],"wp:attachment":[{"href":"https:\/\/revista-afacerea.ro\/afacerea\/wp-json\/wp\/v2\/media?parent=2153"}],"wp:term":[{"taxonomy":"category","embeddable":true,"href":"https:\/\/revista-afacerea.ro\/afacerea\/wp-json\/wp\/v2\/categories?post=2153"},{"taxonomy":"post_tag","embeddable":true,"href":"https:\/\/revista-afacerea.ro\/afacerea\/wp-json\/wp\/v2\/tags?post=2153"}],"curies":[{"name":"wp","href":"https:\/\/api.w.org\/{rel}","templated":true}]}}