{"id":2150,"date":"2020-10-28T12:12:52","date_gmt":"2020-10-28T12:12:52","guid":{"rendered":"https:\/\/ccib.ro\/afacerea\/?p=2150"},"modified":"2020-11-02T12:46:21","modified_gmt":"2020-11-02T12:46:21","slug":"kairat-karabayev-noul-ministru-consilier-la-ambasada-republicii-kazakhstan-in-romania-primit-de-presedintele-ccib","status":"publish","type":"post","link":"https:\/\/revista-afacerea.ro\/afacerea\/kairat-karabayev-noul-ministru-consilier-la-ambasada-republicii-kazakhstan-in-romania-primit-de-presedintele-ccib\/","title":{"rendered":"Kairat Karabayev, noul ministru-consilier la Ambasada Republicii Kazakhstan \u00een Rom\u00e2nia, primit de pre\u0219edintele CCIB"},"content":{"rendered":"<div class=\"pdfprnt-buttons pdfprnt-buttons-post pdfprnt-top-right\"><a href=\"https:\/\/revista-afacerea.ro\/afacerea\/wp-json\/wp\/v2\/posts\/2150?print=pdf\" class=\"pdfprnt-button pdfprnt-button-pdf\" target=\"_blank\"><img decoding=\"async\" src=\"https:\/\/ccib.ro\/afacerea\/wp-content\/plugins\/pdf-print\/images\/pdf.png\" alt=\"image_pdf\" title=\"View PDF\" \/><\/a><a href=\"https:\/\/revista-afacerea.ro\/afacerea\/wp-json\/wp\/v2\/posts\/2150?print=print\" class=\"pdfprnt-button pdfprnt-button-print\" target=\"_blank\"><img decoding=\"async\" src=\"https:\/\/ccib.ro\/afacerea\/wp-content\/plugins\/pdf-print\/images\/print.png\" alt=\"image_print\" title=\"Print Content\" \/><\/a><\/div><p>\u00cen a doua parte a lunii octombrie, dr. ing. Costic\u0103 T. Musta\u021b\u0103, pre\u015fedintele Camerei de Comer\u0163 \u015fi Industrie a Municipiului Bucure\u015fti (CCIB), s-a \u00eent\u00e2lnit cu Kairat Karabayev, noul ministru-consilier cu sarcini \u00een domeniul rela\u021biilor economice la Ambasada Republicii Kazakhstan \u00een Rom\u00e2nia. La \u00eent\u00e2lnire au fost prezen\u021bi: Azamat Kagenov, consul al Ambasadei, precum \u0219i ing. Iuliu Stocklosa, vicepre\u0219edinte, \u0219i prof. dr. ing. Ion Hohan, pre\u0219edintele Sec\u021biunii Servicii, vicepre\u0219edinte al CCIB.<\/p>\n<p>Ur\u00e2ndu-i mult succes \u0219i asigur\u00e2ndu-l de \u00eentregul sprijin \u00een activitatea recent \u00eenceput\u0103 \u00een \u0163ara noastr\u0103, dr. ing. Costic\u0103 T. Musta\u021b\u0103 a subliniat rela\u021biile tradi\u021bionale \u00eentre CCIB \u0219i Ambasada Republicii Kazakhstan \u00een Rom\u00e2nia, precum \u0219i importan\u021ba colabor\u0103rii \u00eentre cele dou\u0103 \u021b\u0103ri, mai ales prin prisma particip\u0103rii ca ac\u021bionar principal a KazMunaiGaz (companie de stat din Kazakhstan) la rafin\u0103riile Midia \u0219i Vega.<\/p>\n<p>\u201eFaptul c\u0103 \u00een primele 7 luni ale anului curent, Kazakhstanul se afl\u0103 pe locul cinci \u00een topul statelor din afara UE furnizoare de m\u0103rfuri \u00een Rom\u00e2nia se datoreaz\u0103 exclusiv importurilor mari de \u021bi\u021bei din aceast\u0103 \u021bar\u0103, \u00een vederea prelucr\u0103rii \u00een rafin\u0103riile cu ac\u021bionariat kazah, plas\u00e2nd-o pe locul 4 \u00een topul \u021b\u0103rilor extra-UE, cu care \u021bara noastr\u0103 \u00eenregistreaz\u0103 deficite ale balan\u021bei comerciale. Se impune ca partea kazah\u0103 s\u0103 stimuleze importurile din Rom\u00e2nia pentru a asigura o tendin\u021b\u0103 de echilibrare a schimburilor comerciale bilaterale\u201d, a precizat pre\u0219edintele CCIB.<\/p>\n<p>La r\u00e2ndul s\u0103u, vicepre\u0219edintele Iuliu Stocklosa a reamintit ca prin acordurile de colaborare semnate \u00een 2018 de CCIB cu Uniunile \u00centreprinz\u0103torilor (ATAMEKEN) din Nur-Sultan (capitala \u021b\u0103rii, care atunci se numea Astana), precum \u0219i din Almaty, s-a asigurat cadrul de promovare a schimburilor comerciale \u0219i cooper\u0103rii economice dintre firmele din cele dou\u0103 \u021b\u0103ri.<\/p>\n<p>Mul\u021bumind pentru primire, Kairat Karabayev a propus organizarea \u00een cursul lunii noiembrie a.c. de c\u0103tre CCIB, cu sprijinul Ambasadei Kazakhstanului, a unui eveniment de promovare a rela\u021biilor economice bilaterale \u00een regim virtual (online), cu participarea firmelor membre ale Camerei bucure\u0219tene \u0219i institu\u021biei similare din Nur-Sultan. Totodat\u0103, diplomatul kazah a propus ca pre\u0219edintele CCIB s\u0103 conduc\u0103 o misiune economic\u0103 care s\u0103 efectueze o vizit\u0103 de lucru \u00een Kazakhstan \u00een luna martie 2021.<\/p>\n<p>Pre\u0219edintele Musta\u021b\u0103 a confirmat, \u00een principiu, interesul CCIB de a se implica \u00een organizarea celor dou\u0103 evenimente, urm\u00e2nd ca detaliile s\u0103 fie stabilite \u00een perioada urm\u0103toare<\/p>\n<p>\u00cen primele 7 luni din 2020 (date disponibile), valoarea schimburilor comerciale bilaterale, comparativ cu perioada similar\u0103 din 2019, s-a redus cu 34,2%, \u00eenregistr\u00e2nd 729 milioane USD, exclusiv pe seama reducerii importului cu 35,9% (688 milioane USD), \u00een timp ce exportul, chiar \u00een condi\u021biile pandemiei de Covid 19 a \u00eenregistrat o majorare cu 18%, ating\u00e2nd 41 milioane USD. Kazakhstanul se afl\u0103 pe locul 39 \u00eentre pie\u021bele necomunitare de destina\u021bie a exporturilor rom\u00e2ne\u0219ti, pe locul 5 \u00een topul statelor din afara UE furnizoare de m\u0103rfuri \u00een Rom\u00e2nia \u0219i pe locul 4 \u00een topul \u021b\u0103rilor extra-UE, cu care \u021bara noastr\u0103 \u00eenregistreaz\u0103 deficit al balan\u021bei comerciale (-647 milioane USD).<\/p>\n<p style=\"text-align: right;\">Mircea TOADER<br \/>\n<a href=\"mailto:mircea.toader@ccib.ro\">mircea.toader@ccib.ro<\/a><\/p>\n","protected":false},"excerpt":{"rendered":"<p>\u00cen a doua parte a lunii octombrie, dr. ing. Costic\u0103 T. Musta\u021b\u0103, pre\u015fedintele Camerei de Comer\u0163 \u015fi Industrie a Municipiului Bucure\u015fti (CCIB), s-a \u00eent\u00e2lnit cu Kairat Karabayev, noul ministru-consilier cu sarcini \u00een domeniul rela\u021biilor economice la Ambasada Republicii Kazakhstan \u00een Rom\u00e2nia. La \u00eent\u00e2lnire au fost prezen\u021bi: Azamat Kagenov, consul al Ambasadei, precum \u0219i ing. Iuliu Stocklosa &#8230;<\/p>\n","protected":false},"author":2,"featured_media":2151,"comment_status":"closed","ping_status":"closed","sticky":false,"template":"","format":"standard","meta":{"_acf_changed":false,"footnotes":""},"categories":[3],"tags":[],"class_list":["post-2150","post","type-post","status-publish","format-standard","has-post-thumbnail","hentry","category-activitate-camerala","issue-serie-noua-nr-3-04-11-2020-01-12-2020"],"acf":[],"yoast_head":"<!-- This site is optimized with the Yoast SEO plugin v24.4 - https:\/\/yoast.com\/wordpress\/plugins\/seo\/ -->\n<title>Kairat Karabayev, noul ministru-consilier la Ambasada Republicii Kazakhstan \u00een Rom\u00e2nia, primit de pre\u0219edintele CCIB - Afacerea<\/title>\n<meta name=\"robots\" content=\"index, follow, max-snippet:-1, max-image-preview:large, max-video-preview:-1\" \/>\n<link rel=\"canonical\" href=\"https:\/\/revista-afacerea.ro\/afacerea\/kairat-karabayev-noul-ministru-consilier-la-ambasada-republicii-kazakhstan-in-romania-primit-de-presedintele-ccib\/\" \/>\n<meta property=\"og:locale\" content=\"ro_RO\" \/>\n<meta property=\"og:type\" content=\"article\" \/>\n<meta property=\"og:title\" content=\"Kairat Karabayev, noul ministru-consilier la Ambasada Republicii Kazakhstan \u00een Rom\u00e2nia, primit de pre\u0219edintele CCIB - Afacerea\" \/>\n<meta property=\"og:description\" content=\"\u00cen a doua parte a lunii octombrie, dr. ing. Costic\u0103 T. Musta\u021b\u0103, pre\u015fedintele Camerei de Comer\u0163 \u015fi Industrie a Municipiului Bucure\u015fti (CCIB), s-a \u00eent\u00e2lnit cu Kairat Karabayev, noul ministru-consilier cu sarcini \u00een domeniul rela\u021biilor economice la Ambasada Republicii Kazakhstan \u00een Rom\u00e2nia. La \u00eent\u00e2lnire au fost prezen\u021bi: Azamat Kagenov, consul al Ambasadei, precum \u0219i ing. Iuliu Stocklosa ...\" \/>\n<meta property=\"og:url\" content=\"https:\/\/revista-afacerea.ro\/afacerea\/kairat-karabayev-noul-ministru-consilier-la-ambasada-republicii-kazakhstan-in-romania-primit-de-presedintele-ccib\/\" \/>\n<meta property=\"og:site_name\" content=\"Afacerea\" \/>\n<meta property=\"article:published_time\" content=\"2020-10-28T12:12:52+00:00\" \/>\n<meta property=\"article:modified_time\" content=\"2020-11-02T12:46:21+00:00\" \/>\n<meta property=\"og:image\" content=\"https:\/\/revista-afacerea.ro\/afacerea\/wp-content\/uploads\/2020\/10\/Foto_Activitate_camerala_2-scaled-e1603887069672.jpg\" \/>\n\t<meta property=\"og:image:width\" content=\"2378\" \/>\n\t<meta property=\"og:image:height\" content=\"1149\" \/>\n\t<meta property=\"og:image:type\" content=\"image\/jpeg\" \/>\n<meta name=\"author\" content=\"\u0218erb\u0103nescu Cristina\" \/>\n<meta name=\"twitter:card\" content=\"summary_large_image\" \/>\n<meta name=\"twitter:label1\" content=\"Scris de\" \/>\n\t<meta name=\"twitter:data1\" content=\"\u0218erb\u0103nescu Cristina\" \/>\n\t<meta name=\"twitter:label2\" content=\"Timp estimat pentru citire\" \/>\n\t<meta name=\"twitter:data2\" content=\"3 minute\" \/>\n<script type=\"application\/ld+json\" class=\"yoast-schema-graph\">{\"@context\":\"https:\/\/schema.org\",\"@graph\":[{\"@type\":\"WebPage\",\"@id\":\"https:\/\/revista-afacerea.ro\/afacerea\/kairat-karabayev-noul-ministru-consilier-la-ambasada-republicii-kazakhstan-in-romania-primit-de-presedintele-ccib\/\",\"url\":\"https:\/\/revista-afacerea.ro\/afacerea\/kairat-karabayev-noul-ministru-consilier-la-ambasada-republicii-kazakhstan-in-romania-primit-de-presedintele-ccib\/\",\"name\":\"Kairat Karabayev, noul ministru-consilier la Ambasada Republicii Kazakhstan \u00een Rom\u00e2nia, primit de pre\u0219edintele CCIB - Afacerea\",\"isPartOf\":{\"@id\":\"https:\/\/revista-afacerea.ro\/afacerea\/#website\"},\"primaryImageOfPage\":{\"@id\":\"https:\/\/revista-afacerea.ro\/afacerea\/kairat-karabayev-noul-ministru-consilier-la-ambasada-republicii-kazakhstan-in-romania-primit-de-presedintele-ccib\/#primaryimage\"},\"image\":{\"@id\":\"https:\/\/revista-afacerea.ro\/afacerea\/kairat-karabayev-noul-ministru-consilier-la-ambasada-republicii-kazakhstan-in-romania-primit-de-presedintele-ccib\/#primaryimage\"},\"thumbnailUrl\":\"https:\/\/revista-afacerea.ro\/afacerea\/wp-content\/uploads\/2020\/10\/Foto_Activitate_camerala_2-scaled-e1603887069672.jpg\",\"datePublished\":\"2020-10-28T12:12:52+00:00\",\"dateModified\":\"2020-11-02T12:46:21+00:00\",\"author\":{\"@id\":\"https:\/\/revista-afacerea.ro\/afacerea\/#\/schema\/person\/ceb65c8cc8ed64d512809cf287a5c09f\"},\"breadcrumb\":{\"@id\":\"https:\/\/revista-afacerea.ro\/afacerea\/kairat-karabayev-noul-ministru-consilier-la-ambasada-republicii-kazakhstan-in-romania-primit-de-presedintele-ccib\/#breadcrumb\"},\"inLanguage\":\"ro-RO\",\"potentialAction\":[{\"@type\":\"ReadAction\",\"target\":[\"https:\/\/revista-afacerea.ro\/afacerea\/kairat-karabayev-noul-ministru-consilier-la-ambasada-republicii-kazakhstan-in-romania-primit-de-presedintele-ccib\/\"]}]},{\"@type\":\"ImageObject\",\"inLanguage\":\"ro-RO\",\"@id\":\"https:\/\/revista-afacerea.ro\/afacerea\/kairat-karabayev-noul-ministru-consilier-la-ambasada-republicii-kazakhstan-in-romania-primit-de-presedintele-ccib\/#primaryimage\",\"url\":\"https:\/\/revista-afacerea.ro\/afacerea\/wp-content\/uploads\/2020\/10\/Foto_Activitate_camerala_2-scaled-e1603887069672.jpg\",\"contentUrl\":\"https:\/\/revista-afacerea.ro\/afacerea\/wp-content\/uploads\/2020\/10\/Foto_Activitate_camerala_2-scaled-e1603887069672.jpg\",\"width\":2378,\"height\":1149},{\"@type\":\"BreadcrumbList\",\"@id\":\"https:\/\/revista-afacerea.ro\/afacerea\/kairat-karabayev-noul-ministru-consilier-la-ambasada-republicii-kazakhstan-in-romania-primit-de-presedintele-ccib\/#breadcrumb\",\"itemListElement\":[{\"@type\":\"ListItem\",\"position\":1,\"name\":\"Prima pagin\u0103\",\"item\":\"https:\/\/revista-afacerea.ro\/afacerea\/?issue=serie-noua-nr-41-15-01-01-2025-14-02-2025\"},{\"@type\":\"ListItem\",\"position\":2,\"name\":\"Kairat Karabayev, noul ministru-consilier la Ambasada Republicii Kazakhstan \u00een Rom\u00e2nia, primit de pre\u0219edintele CCIB\"}]},{\"@type\":\"WebSite\",\"@id\":\"https:\/\/revista-afacerea.ro\/afacerea\/#website\",\"url\":\"https:\/\/revista-afacerea.ro\/afacerea\/\",\"name\":\"Afacerea\",\"description\":\"\",\"potentialAction\":[{\"@type\":\"SearchAction\",\"target\":{\"@type\":\"EntryPoint\",\"urlTemplate\":\"https:\/\/revista-afacerea.ro\/afacerea\/?s={search_term_string}\"},\"query-input\":{\"@type\":\"PropertyValueSpecification\",\"valueRequired\":true,\"valueName\":\"search_term_string\"}}],\"inLanguage\":\"ro-RO\"},{\"@type\":\"Person\",\"@id\":\"https:\/\/revista-afacerea.ro\/afacerea\/#\/schema\/person\/ceb65c8cc8ed64d512809cf287a5c09f\",\"name\":\"\u0218erb\u0103nescu Cristina\",\"image\":{\"@type\":\"ImageObject\",\"inLanguage\":\"ro-RO\",\"@id\":\"https:\/\/revista-afacerea.ro\/afacerea\/#\/schema\/person\/image\/\",\"url\":\"https:\/\/secure.gravatar.com\/avatar\/4cd5c0bd17d39883f148ea9bb5d3745b?s=96&d=mm&r=g\",\"contentUrl\":\"https:\/\/secure.gravatar.com\/avatar\/4cd5c0bd17d39883f148ea9bb5d3745b?s=96&d=mm&r=g\",\"caption\":\"\u0218erb\u0103nescu Cristina\"},\"url\":\"https:\/\/revista-afacerea.ro\/afacerea\/author\/cristina-serbanescu\/\"}]}<\/script>\n<!-- \/ Yoast SEO plugin. -->","yoast_head_json":{"title":"Kairat Karabayev, noul ministru-consilier la Ambasada Republicii Kazakhstan \u00een Rom\u00e2nia, primit de pre\u0219edintele CCIB - Afacerea","robots":{"index":"index","follow":"follow","max-snippet":"max-snippet:-1","max-image-preview":"max-image-preview:large","max-video-preview":"max-video-preview:-1"},"canonical":"https:\/\/revista-afacerea.ro\/afacerea\/kairat-karabayev-noul-ministru-consilier-la-ambasada-republicii-kazakhstan-in-romania-primit-de-presedintele-ccib\/","og_locale":"ro_RO","og_type":"article","og_title":"Kairat Karabayev, noul ministru-consilier la Ambasada Republicii Kazakhstan \u00een Rom\u00e2nia, primit de pre\u0219edintele CCIB - Afacerea","og_description":"\u00cen a doua parte a lunii octombrie, dr. ing. Costic\u0103 T. Musta\u021b\u0103, pre\u015fedintele Camerei de Comer\u0163 \u015fi Industrie a Municipiului Bucure\u015fti (CCIB), s-a \u00eent\u00e2lnit cu Kairat Karabayev, noul ministru-consilier cu sarcini \u00een domeniul rela\u021biilor economice la Ambasada Republicii Kazakhstan \u00een Rom\u00e2nia. La \u00eent\u00e2lnire au fost prezen\u021bi: Azamat Kagenov, consul al Ambasadei, precum \u0219i ing. Iuliu Stocklosa ...","og_url":"https:\/\/revista-afacerea.ro\/afacerea\/kairat-karabayev-noul-ministru-consilier-la-ambasada-republicii-kazakhstan-in-romania-primit-de-presedintele-ccib\/","og_site_name":"Afacerea","article_published_time":"2020-10-28T12:12:52+00:00","article_modified_time":"2020-11-02T12:46:21+00:00","og_image":[{"width":2378,"height":1149,"url":"https:\/\/revista-afacerea.ro\/afacerea\/wp-content\/uploads\/2020\/10\/Foto_Activitate_camerala_2-scaled-e1603887069672.jpg","type":"image\/jpeg"}],"author":"\u0218erb\u0103nescu Cristina","twitter_card":"summary_large_image","twitter_misc":{"Scris de":"\u0218erb\u0103nescu Cristina","Timp estimat pentru citire":"3 minute"},"schema":{"@context":"https:\/\/schema.org","@graph":[{"@type":"WebPage","@id":"https:\/\/revista-afacerea.ro\/afacerea\/kairat-karabayev-noul-ministru-consilier-la-ambasada-republicii-kazakhstan-in-romania-primit-de-presedintele-ccib\/","url":"https:\/\/revista-afacerea.ro\/afacerea\/kairat-karabayev-noul-ministru-consilier-la-ambasada-republicii-kazakhstan-in-romania-primit-de-presedintele-ccib\/","name":"Kairat Karabayev, noul ministru-consilier la Ambasada Republicii Kazakhstan \u00een Rom\u00e2nia, primit de pre\u0219edintele CCIB - Afacerea","isPartOf":{"@id":"https:\/\/revista-afacerea.ro\/afacerea\/#website"},"primaryImageOfPage":{"@id":"https:\/\/revista-afacerea.ro\/afacerea\/kairat-karabayev-noul-ministru-consilier-la-ambasada-republicii-kazakhstan-in-romania-primit-de-presedintele-ccib\/#primaryimage"},"image":{"@id":"https:\/\/revista-afacerea.ro\/afacerea\/kairat-karabayev-noul-ministru-consilier-la-ambasada-republicii-kazakhstan-in-romania-primit-de-presedintele-ccib\/#primaryimage"},"thumbnailUrl":"https:\/\/revista-afacerea.ro\/afacerea\/wp-content\/uploads\/2020\/10\/Foto_Activitate_camerala_2-scaled-e1603887069672.jpg","datePublished":"2020-10-28T12:12:52+00:00","dateModified":"2020-11-02T12:46:21+00:00","author":{"@id":"https:\/\/revista-afacerea.ro\/afacerea\/#\/schema\/person\/ceb65c8cc8ed64d512809cf287a5c09f"},"breadcrumb":{"@id":"https:\/\/revista-afacerea.ro\/afacerea\/kairat-karabayev-noul-ministru-consilier-la-ambasada-republicii-kazakhstan-in-romania-primit-de-presedintele-ccib\/#breadcrumb"},"inLanguage":"ro-RO","potentialAction":[{"@type":"ReadAction","target":["https:\/\/revista-afacerea.ro\/afacerea\/kairat-karabayev-noul-ministru-consilier-la-ambasada-republicii-kazakhstan-in-romania-primit-de-presedintele-ccib\/"]}]},{"@type":"ImageObject","inLanguage":"ro-RO","@id":"https:\/\/revista-afacerea.ro\/afacerea\/kairat-karabayev-noul-ministru-consilier-la-ambasada-republicii-kazakhstan-in-romania-primit-de-presedintele-ccib\/#primaryimage","url":"https:\/\/revista-afacerea.ro\/afacerea\/wp-content\/uploads\/2020\/10\/Foto_Activitate_camerala_2-scaled-e1603887069672.jpg","contentUrl":"https:\/\/revista-afacerea.ro\/afacerea\/wp-content\/uploads\/2020\/10\/Foto_Activitate_camerala_2-scaled-e1603887069672.jpg","width":2378,"height":1149},{"@type":"BreadcrumbList","@id":"https:\/\/revista-afacerea.ro\/afacerea\/kairat-karabayev-noul-ministru-consilier-la-ambasada-republicii-kazakhstan-in-romania-primit-de-presedintele-ccib\/#breadcrumb","itemListElement":[{"@type":"ListItem","position":1,"name":"Prima pagin\u0103","item":"https:\/\/revista-afacerea.ro\/afacerea\/?issue=serie-noua-nr-41-15-01-01-2025-14-02-2025"},{"@type":"ListItem","position":2,"name":"Kairat Karabayev, noul ministru-consilier la Ambasada Republicii Kazakhstan \u00een Rom\u00e2nia, primit de pre\u0219edintele CCIB"}]},{"@type":"WebSite","@id":"https:\/\/revista-afacerea.ro\/afacerea\/#website","url":"https:\/\/revista-afacerea.ro\/afacerea\/","name":"Afacerea","description":"","potentialAction":[{"@type":"SearchAction","target":{"@type":"EntryPoint","urlTemplate":"https:\/\/revista-afacerea.ro\/afacerea\/?s={search_term_string}"},"query-input":{"@type":"PropertyValueSpecification","valueRequired":true,"valueName":"search_term_string"}}],"inLanguage":"ro-RO"},{"@type":"Person","@id":"https:\/\/revista-afacerea.ro\/afacerea\/#\/schema\/person\/ceb65c8cc8ed64d512809cf287a5c09f","name":"\u0218erb\u0103nescu Cristina","image":{"@type":"ImageObject","inLanguage":"ro-RO","@id":"https:\/\/revista-afacerea.ro\/afacerea\/#\/schema\/person\/image\/","url":"https:\/\/secure.gravatar.com\/avatar\/4cd5c0bd17d39883f148ea9bb5d3745b?s=96&d=mm&r=g","contentUrl":"https:\/\/secure.gravatar.com\/avatar\/4cd5c0bd17d39883f148ea9bb5d3745b?s=96&d=mm&r=g","caption":"\u0218erb\u0103nescu Cristina"},"url":"https:\/\/revista-afacerea.ro\/afacerea\/author\/cristina-serbanescu\/"}]}},"_links":{"self":[{"href":"https:\/\/revista-afacerea.ro\/afacerea\/wp-json\/wp\/v2\/posts\/2150","targetHints":{"allow":["GET"]}}],"collection":[{"href":"https:\/\/revista-afacerea.ro\/afacerea\/wp-json\/wp\/v2\/posts"}],"about":[{"href":"https:\/\/revista-afacerea.ro\/afacerea\/wp-json\/wp\/v2\/types\/post"}],"author":[{"embeddable":true,"href":"https:\/\/revista-afacerea.ro\/afacerea\/wp-json\/wp\/v2\/users\/2"}],"replies":[{"embeddable":true,"href":"https:\/\/revista-afacerea.ro\/afacerea\/wp-json\/wp\/v2\/comments?post=2150"}],"version-history":[{"count":3,"href":"https:\/\/revista-afacerea.ro\/afacerea\/wp-json\/wp\/v2\/posts\/2150\/revisions"}],"predecessor-version":[{"id":2307,"href":"https:\/\/revista-afacerea.ro\/afacerea\/wp-json\/wp\/v2\/posts\/2150\/revisions\/2307"}],"wp:featuredmedia":[{"embeddable":true,"href":"https:\/\/revista-afacerea.ro\/afacerea\/wp-json\/wp\/v2\/media\/2151"}],"wp:attachment":[{"href":"https:\/\/revista-afacerea.ro\/afacerea\/wp-json\/wp\/v2\/media?parent=2150"}],"wp:term":[{"taxonomy":"category","embeddable":true,"href":"https:\/\/revista-afacerea.ro\/afacerea\/wp-json\/wp\/v2\/categories?post=2150"},{"taxonomy":"post_tag","embeddable":true,"href":"https:\/\/revista-afacerea.ro\/afacerea\/wp-json\/wp\/v2\/tags?post=2150"}],"curies":[{"name":"wp","href":"https:\/\/api.w.org\/{rel}","templated":true}]}}