{"id":2147,"date":"2020-10-27T08:42:26","date_gmt":"2020-10-27T08:42:26","guid":{"rendered":"https:\/\/ccib.ro\/afacerea\/?p=2147"},"modified":"2020-11-05T16:09:29","modified_gmt":"2020-11-05T16:09:29","slug":"pandemia-pietelor-externe","status":"publish","type":"post","link":"https:\/\/revista-afacerea.ro\/afacerea\/pandemia-pietelor-externe\/","title":{"rendered":"Pandemia pie\u021belor externe"},"content":{"rendered":"<div class=\"pdfprnt-buttons pdfprnt-buttons-post pdfprnt-top-right\"><a href=\"https:\/\/revista-afacerea.ro\/afacerea\/wp-json\/wp\/v2\/posts\/2147?print=pdf\" class=\"pdfprnt-button pdfprnt-button-pdf\" target=\"_blank\"><img decoding=\"async\" src=\"https:\/\/ccib.ro\/afacerea\/wp-content\/plugins\/pdf-print\/images\/pdf.png\" alt=\"image_pdf\" title=\"View PDF\" \/><\/a><a href=\"https:\/\/revista-afacerea.ro\/afacerea\/wp-json\/wp\/v2\/posts\/2147?print=print\" class=\"pdfprnt-button pdfprnt-button-print\" target=\"_blank\"><img decoding=\"async\" src=\"https:\/\/ccib.ro\/afacerea\/wp-content\/plugins\/pdf-print\/images\/print.png\" alt=\"image_print\" title=\"Print Content\" \/><\/a><\/div><p><img loading=\"lazy\" decoding=\"async\" class=\" wp-image-2148 alignleft\" src=\"https:\/\/ccib.ro\/afacerea\/wp-content\/uploads\/2020\/10\/Foto-Mihai-IONESCU_editorial-scaled-e1604396540567-241x300.jpg\" alt=\"\" width=\"193\" height=\"240\" srcset=\"https:\/\/revista-afacerea.ro\/afacerea\/wp-content\/uploads\/2020\/10\/Foto-Mihai-IONESCU_editorial-scaled-e1604396540567-241x300.jpg 241w, https:\/\/revista-afacerea.ro\/afacerea\/wp-content\/uploads\/2020\/10\/Foto-Mihai-IONESCU_editorial-scaled-e1604396540567-821x1024.jpg 821w, https:\/\/revista-afacerea.ro\/afacerea\/wp-content\/uploads\/2020\/10\/Foto-Mihai-IONESCU_editorial-scaled-e1604396540567-120x150.jpg 120w, https:\/\/revista-afacerea.ro\/afacerea\/wp-content\/uploads\/2020\/10\/Foto-Mihai-IONESCU_editorial-scaled-e1604396540567-144x180.jpg 144w, https:\/\/revista-afacerea.ro\/afacerea\/wp-content\/uploads\/2020\/10\/Foto-Mihai-IONESCU_editorial-scaled-e1604396540567-257x320.jpg 257w, https:\/\/revista-afacerea.ro\/afacerea\/wp-content\/uploads\/2020\/10\/Foto-Mihai-IONESCU_editorial-scaled-e1604396540567-224x280.jpg 224w, https:\/\/revista-afacerea.ro\/afacerea\/wp-content\/uploads\/2020\/10\/Foto-Mihai-IONESCU_editorial-scaled-e1604396540567.jpg 1811w\" sizes=\"auto, (max-width: 193px) 100vw, 193px\" \/>Anali\u0219tii, managerii \u0219i \u2013 deopotriv\u0103 \u2013 politicienii se \u00eentreab\u0103 dac\u0103 actuala criz\u0103 economic\u0103 generat\u0103 de COVID-19 va fi la fel de dur\u0103 sau poate mai dur\u0103 dec\u00e2t criza din 2008 \u2013 2009.<\/p>\n<p>Din perspectiva rela\u021biilor comerciale interna\u021bionale, r\u0103spunsul pe care risc s\u0103-l formulez pentru Rom\u00e2nia are doi piloni:<\/p>\n<p>a) \u0219i f\u0103r\u0103 COVID-19 pie\u021bele interna\u021bionale erau \u00een prag de contrac\u021bie \u00een multe sectoare industriale;<br \/>\nb) pandemia mondial\u0103 a declan\u0219at \u0219i amplificat pandemia rela\u021biilor de afaceri la nivel na\u021bional \u0219i planetar.<\/p>\n<p>Dac\u0103 la criza financiar\u0103 din 2008-2009 Rom\u00e2nia a r\u0103spuns nesperat de rapid din punct de vedere al exporturilor, acestea revenindu-\u0219i dup\u0103 numai 12 luni (noiembrie 2008 \u2013 octombrie 2009), acum orizontul revenirii pare mai \u00eendep\u0103rtat, de\u0219i pr\u0103bu\u0219irea este la fel de dramatic\u0103.<\/p>\n<p>La precedenta criz\u0103 am avut \u0219ansa ca o bun\u0103 parte din comenzile restr\u00e2nse\/reduse ale multina\u021bionalelor s\u0103 fie plasate cu preferin\u021b\u0103 \u00een \u021bara noastr\u0103, datorit\u0103 avantajelor competitive ale costului for\u021bei de munc\u0103 \u0219i a unor investi\u021bii de ultim\u0103 genera\u021bie de care a beneficiat Rom\u00e2nia prin capitalul str\u0103in.<\/p>\n<p>Acum criza nu mai este cu predilec\u021bie financiar\u0103, ci de pia\u021b\u0103. Consumul s-a redus puternic, cu excep\u021bia bunurilor esen\u021biale: alimentele \u0219i medicamentele, ca \u0219i unele componente IT \u0219i electronice, pentru care cererea a fost stimulat\u0103 de munca de la distan\u021b\u0103.<\/p>\n<p>Pandemiei pie\u021belor externe nu i s-a g\u0103sit \u00eenc\u0103 vaccinul potrivit, la fel ca \u0219i \u00een sistemul medical (nici \u00een Romania, nici pe plan mondial). Restric\u021biile de c\u0103l\u0103torie (de afaceri), anularea majorit\u0103\u021bii t\u00e2rgurilor \u0219i expozi\u021biilor interna\u021bionale (unde se \u00eent\u00e2lneau cererea \u0219i oferta), imprevizibilitatea intensit\u0103\u021bii consumului casnic \u0219i industrial (s-au schimbat priorit\u0103\u021bile \u00een gestionarea bugetelor \u0219i \u00een fluxurile de aprovizionare \u0219i desfacere) sunt tot at\u00e2\u021bia factori care nu pot face posibil\u0103 stabilirea momentului c\u00e2nd comer\u021bul exterior rom\u00e2nesc \u0219i cel mondial vor reveni \u00eentr-un palier previzibil \u0219i pozitiv.<\/p>\n<p>Pr\u0103bu\u0219irea afacerilor firmelor de export-import din \u021bara noastr\u0103 putea fi \u0219i mai dur\u0103 dac\u0103 ancora stabilit\u0103\u021bii <em>relative<\/em> a cursului de schimb nu ar fi fost asigurat\u0103 de BNR. Aceast\u0103 stabilitate \u2013 care dureaz\u0103 de aproape dou\u0103 decenii \u2013 a fost mult mai valoroas\u0103 pentru majoritatea sectoarelor economice dec\u00e2t sprijinul financiar oferit din bugetul na\u021bional \u0219i din cel al UE, sprijin care \u2013 trebuie spus \u2013 nu a fost de neglijat, de\u0219i nu \u00eentotdeauna at\u00e2t de operativ pe c\u00e2t \u0219i l-ar fi dorit \u0219i a\u0219teptat mediul de afaceri.<\/p>\n<p>Asocia\u021bia noastr\u0103 a fost cuplat\u0103 \u00een toat\u0103 perioada pandemiei \u00een <em>\u201c<\/em><em>celula de criz\u0103\u201d<\/em> de la Palatul Cotroceni \u0219i de la Palatul Victoria, \u00eencerc\u00e2nd s\u0103 pun\u0103 pe masa deciden\u021bilor solu\u021bii aplicate de celelalte \u021b\u0103ri europene, prin adaptarea lor la specificul na\u021bional, ca \u0219i m\u0103suri operative pentru deblocarea multiplelor situa\u021bii din practica curent\u0103.<\/p>\n<p>Pandemia ne-a \u201cstricat\u201d totu\u0219i s\u0103rb\u0103toarea celor dou\u0103 evenimente ale anului: <em>Un sfert de veac de la \u00eenfiin\u021barea Asocia\u0163iei Na\u0163ionale a Exportatorilor \u015fi Importatorilor din Rom\u00e2nia (ANEIR)<\/em> \u0219i <em>17 ani de func\u021bionare a Consiliului de Export al Rom\u00e2niei<\/em>, ambele \u00een coordonarea subsemnatului pe toat\u0103 perioada de implicare a lor \u00een slujba comer\u021bului exterior rom\u00e2nesc.<\/p>\n<p>Nu a fost un an u\u0219or nici pentru Camera bucure\u0219tean\u0103, nevoit\u0103 s\u0103 fac\u0103 fa\u021b\u0103 pandemiei generale \u0219i problemelor interne, generate de unii factori externi nu dezinteresa\u021bi.<\/p>\n<p>Parteneriatul ANEIR \u2013 CCIB \u2013 Consiliul de Export al Rom\u00e2niei a func\u021bionat benefic \u00een toat\u0103 aceast\u0103 perioad\u0103, \u00eencerc\u00e2nd fiecare \u00een parte \u0219i \u2013 deopotriv\u0103 \u2013 \u00eempreun\u0103 s\u0103 slujeasc\u0103 intereselor mediului de afaceri autohton.<\/p>\n<p>Va trece \u2013 nu u\u0219or \u0219i nu at\u00e2t de repede \u2013 \u0219i aceast\u0103 perioad\u0103 tulbure, f\u0103r\u0103 s\u0103 ne pierdem speran\u021ba c\u0103 uni\u021bi vom birui: \u0219i pandemia medical\u0103 \u0219i cea economic\u0103.<\/p>\n<p>&nbsp;<\/p>\n<p style=\"text-align: right;\">dr. Mihai IONESCU,<br \/>\nPre\u0219edintele executiv al ANEIR<br \/>\nCo-Pre\u015fedintele Consiliului de Export al Rom\u00e2niei<br \/>\n<a href=\"mailto:aneir@aneir.ro\">aneir@aneir.ro<\/a><\/p>\n","protected":false},"excerpt":{"rendered":"<p>Anali\u0219tii, managerii \u0219i \u2013 deopotriv\u0103 \u2013 politicienii se \u00eentreab\u0103 dac\u0103 actuala criz\u0103 economic\u0103 generat\u0103 de COVID 19 va fi la fel de dur\u0103 sau poate mai dur\u0103 dec\u00e2t criza din 2008 \u2013 2009. Din perspectiva rela\u021biilor comerciale interna\u021bionale, r\u0103spunsul pe care\u2026<\/p>\n","protected":false},"author":2,"featured_media":2504,"comment_status":"closed","ping_status":"closed","sticky":false,"template":"","format":"standard","meta":{"_acf_changed":false,"footnotes":""},"categories":[2,13],"tags":[],"class_list":["post-2147","post","type-post","status-publish","format-standard","has-post-thumbnail","hentry","category-eveniment","category-highlight","issue-serie-noua-nr-3-04-11-2020-01-12-2020"],"acf":[],"yoast_head":"<!-- This site is optimized with the Yoast SEO plugin v24.4 - https:\/\/yoast.com\/wordpress\/plugins\/seo\/ -->\n<title>Pandemia pie\u021belor externe - Afacerea<\/title>\n<meta name=\"robots\" content=\"index, follow, max-snippet:-1, max-image-preview:large, max-video-preview:-1\" \/>\n<link rel=\"canonical\" href=\"https:\/\/revista-afacerea.ro\/afacerea\/pandemia-pietelor-externe\/\" \/>\n<meta property=\"og:locale\" content=\"ro_RO\" \/>\n<meta property=\"og:type\" content=\"article\" \/>\n<meta property=\"og:title\" content=\"Pandemia pie\u021belor externe - Afacerea\" \/>\n<meta property=\"og:description\" content=\"Anali\u0219tii, managerii \u0219i \u2013 deopotriv\u0103 \u2013 politicienii se \u00eentreab\u0103 dac\u0103 actuala criz\u0103 economic\u0103 generat\u0103 de COVID 19 va fi la fel de dur\u0103 sau poate mai dur\u0103 dec\u00e2t criza din 2008 \u2013 2009. Din perspectiva rela\u021biilor comerciale interna\u021bionale, r\u0103spunsul pe care\u2026\" \/>\n<meta property=\"og:url\" content=\"https:\/\/revista-afacerea.ro\/afacerea\/pandemia-pietelor-externe\/\" \/>\n<meta property=\"og:site_name\" content=\"Afacerea\" \/>\n<meta property=\"article:published_time\" content=\"2020-10-27T08:42:26+00:00\" \/>\n<meta property=\"article:modified_time\" content=\"2020-11-05T16:09:29+00:00\" \/>\n<meta property=\"og:image\" content=\"https:\/\/revista-afacerea.ro\/afacerea\/wp-content\/uploads\/2020\/10\/ccib.jpg\" \/>\n\t<meta property=\"og:image:width\" content=\"800\" \/>\n\t<meta property=\"og:image:height\" content=\"820\" \/>\n\t<meta property=\"og:image:type\" content=\"image\/jpeg\" \/>\n<meta name=\"author\" content=\"\u0218erb\u0103nescu Cristina\" \/>\n<meta name=\"twitter:card\" content=\"summary_large_image\" \/>\n<meta name=\"twitter:label1\" content=\"Scris de\" \/>\n\t<meta name=\"twitter:data1\" content=\"\u0218erb\u0103nescu Cristina\" \/>\n\t<meta name=\"twitter:label2\" content=\"Timp estimat pentru citire\" \/>\n\t<meta name=\"twitter:data2\" content=\"3 minute\" \/>\n<script type=\"application\/ld+json\" class=\"yoast-schema-graph\">{\"@context\":\"https:\/\/schema.org\",\"@graph\":[{\"@type\":\"WebPage\",\"@id\":\"https:\/\/revista-afacerea.ro\/afacerea\/pandemia-pietelor-externe\/\",\"url\":\"https:\/\/revista-afacerea.ro\/afacerea\/pandemia-pietelor-externe\/\",\"name\":\"Pandemia pie\u021belor externe - Afacerea\",\"isPartOf\":{\"@id\":\"https:\/\/revista-afacerea.ro\/afacerea\/#website\"},\"primaryImageOfPage\":{\"@id\":\"https:\/\/revista-afacerea.ro\/afacerea\/pandemia-pietelor-externe\/#primaryimage\"},\"image\":{\"@id\":\"https:\/\/revista-afacerea.ro\/afacerea\/pandemia-pietelor-externe\/#primaryimage\"},\"thumbnailUrl\":\"https:\/\/revista-afacerea.ro\/afacerea\/wp-content\/uploads\/2020\/10\/ccib.jpg\",\"datePublished\":\"2020-10-27T08:42:26+00:00\",\"dateModified\":\"2020-11-05T16:09:29+00:00\",\"author\":{\"@id\":\"https:\/\/revista-afacerea.ro\/afacerea\/#\/schema\/person\/ceb65c8cc8ed64d512809cf287a5c09f\"},\"breadcrumb\":{\"@id\":\"https:\/\/revista-afacerea.ro\/afacerea\/pandemia-pietelor-externe\/#breadcrumb\"},\"inLanguage\":\"ro-RO\",\"potentialAction\":[{\"@type\":\"ReadAction\",\"target\":[\"https:\/\/revista-afacerea.ro\/afacerea\/pandemia-pietelor-externe\/\"]}]},{\"@type\":\"ImageObject\",\"inLanguage\":\"ro-RO\",\"@id\":\"https:\/\/revista-afacerea.ro\/afacerea\/pandemia-pietelor-externe\/#primaryimage\",\"url\":\"https:\/\/revista-afacerea.ro\/afacerea\/wp-content\/uploads\/2020\/10\/ccib.jpg\",\"contentUrl\":\"https:\/\/revista-afacerea.ro\/afacerea\/wp-content\/uploads\/2020\/10\/ccib.jpg\",\"width\":800,\"height\":820},{\"@type\":\"BreadcrumbList\",\"@id\":\"https:\/\/revista-afacerea.ro\/afacerea\/pandemia-pietelor-externe\/#breadcrumb\",\"itemListElement\":[{\"@type\":\"ListItem\",\"position\":1,\"name\":\"Prima pagin\u0103\",\"item\":\"https:\/\/revista-afacerea.ro\/afacerea\/?issue=serie-noua-nr-41-15-01-01-2025-14-02-2025\"},{\"@type\":\"ListItem\",\"position\":2,\"name\":\"Pandemia pie\u021belor externe\"}]},{\"@type\":\"WebSite\",\"@id\":\"https:\/\/revista-afacerea.ro\/afacerea\/#website\",\"url\":\"https:\/\/revista-afacerea.ro\/afacerea\/\",\"name\":\"Afacerea\",\"description\":\"\",\"potentialAction\":[{\"@type\":\"SearchAction\",\"target\":{\"@type\":\"EntryPoint\",\"urlTemplate\":\"https:\/\/revista-afacerea.ro\/afacerea\/?s={search_term_string}\"},\"query-input\":{\"@type\":\"PropertyValueSpecification\",\"valueRequired\":true,\"valueName\":\"search_term_string\"}}],\"inLanguage\":\"ro-RO\"},{\"@type\":\"Person\",\"@id\":\"https:\/\/revista-afacerea.ro\/afacerea\/#\/schema\/person\/ceb65c8cc8ed64d512809cf287a5c09f\",\"name\":\"\u0218erb\u0103nescu Cristina\",\"image\":{\"@type\":\"ImageObject\",\"inLanguage\":\"ro-RO\",\"@id\":\"https:\/\/revista-afacerea.ro\/afacerea\/#\/schema\/person\/image\/\",\"url\":\"https:\/\/secure.gravatar.com\/avatar\/4cd5c0bd17d39883f148ea9bb5d3745b?s=96&d=mm&r=g\",\"contentUrl\":\"https:\/\/secure.gravatar.com\/avatar\/4cd5c0bd17d39883f148ea9bb5d3745b?s=96&d=mm&r=g\",\"caption\":\"\u0218erb\u0103nescu Cristina\"},\"url\":\"https:\/\/revista-afacerea.ro\/afacerea\/author\/cristina-serbanescu\/\"}]}<\/script>\n<!-- \/ Yoast SEO plugin. -->","yoast_head_json":{"title":"Pandemia pie\u021belor externe - Afacerea","robots":{"index":"index","follow":"follow","max-snippet":"max-snippet:-1","max-image-preview":"max-image-preview:large","max-video-preview":"max-video-preview:-1"},"canonical":"https:\/\/revista-afacerea.ro\/afacerea\/pandemia-pietelor-externe\/","og_locale":"ro_RO","og_type":"article","og_title":"Pandemia pie\u021belor externe - Afacerea","og_description":"Anali\u0219tii, managerii \u0219i \u2013 deopotriv\u0103 \u2013 politicienii se \u00eentreab\u0103 dac\u0103 actuala criz\u0103 economic\u0103 generat\u0103 de COVID 19 va fi la fel de dur\u0103 sau poate mai dur\u0103 dec\u00e2t criza din 2008 \u2013 2009. Din perspectiva rela\u021biilor comerciale interna\u021bionale, r\u0103spunsul pe care\u2026","og_url":"https:\/\/revista-afacerea.ro\/afacerea\/pandemia-pietelor-externe\/","og_site_name":"Afacerea","article_published_time":"2020-10-27T08:42:26+00:00","article_modified_time":"2020-11-05T16:09:29+00:00","og_image":[{"width":800,"height":820,"url":"https:\/\/revista-afacerea.ro\/afacerea\/wp-content\/uploads\/2020\/10\/ccib.jpg","type":"image\/jpeg"}],"author":"\u0218erb\u0103nescu Cristina","twitter_card":"summary_large_image","twitter_misc":{"Scris de":"\u0218erb\u0103nescu Cristina","Timp estimat pentru citire":"3 minute"},"schema":{"@context":"https:\/\/schema.org","@graph":[{"@type":"WebPage","@id":"https:\/\/revista-afacerea.ro\/afacerea\/pandemia-pietelor-externe\/","url":"https:\/\/revista-afacerea.ro\/afacerea\/pandemia-pietelor-externe\/","name":"Pandemia pie\u021belor externe - Afacerea","isPartOf":{"@id":"https:\/\/revista-afacerea.ro\/afacerea\/#website"},"primaryImageOfPage":{"@id":"https:\/\/revista-afacerea.ro\/afacerea\/pandemia-pietelor-externe\/#primaryimage"},"image":{"@id":"https:\/\/revista-afacerea.ro\/afacerea\/pandemia-pietelor-externe\/#primaryimage"},"thumbnailUrl":"https:\/\/revista-afacerea.ro\/afacerea\/wp-content\/uploads\/2020\/10\/ccib.jpg","datePublished":"2020-10-27T08:42:26+00:00","dateModified":"2020-11-05T16:09:29+00:00","author":{"@id":"https:\/\/revista-afacerea.ro\/afacerea\/#\/schema\/person\/ceb65c8cc8ed64d512809cf287a5c09f"},"breadcrumb":{"@id":"https:\/\/revista-afacerea.ro\/afacerea\/pandemia-pietelor-externe\/#breadcrumb"},"inLanguage":"ro-RO","potentialAction":[{"@type":"ReadAction","target":["https:\/\/revista-afacerea.ro\/afacerea\/pandemia-pietelor-externe\/"]}]},{"@type":"ImageObject","inLanguage":"ro-RO","@id":"https:\/\/revista-afacerea.ro\/afacerea\/pandemia-pietelor-externe\/#primaryimage","url":"https:\/\/revista-afacerea.ro\/afacerea\/wp-content\/uploads\/2020\/10\/ccib.jpg","contentUrl":"https:\/\/revista-afacerea.ro\/afacerea\/wp-content\/uploads\/2020\/10\/ccib.jpg","width":800,"height":820},{"@type":"BreadcrumbList","@id":"https:\/\/revista-afacerea.ro\/afacerea\/pandemia-pietelor-externe\/#breadcrumb","itemListElement":[{"@type":"ListItem","position":1,"name":"Prima pagin\u0103","item":"https:\/\/revista-afacerea.ro\/afacerea\/?issue=serie-noua-nr-41-15-01-01-2025-14-02-2025"},{"@type":"ListItem","position":2,"name":"Pandemia pie\u021belor externe"}]},{"@type":"WebSite","@id":"https:\/\/revista-afacerea.ro\/afacerea\/#website","url":"https:\/\/revista-afacerea.ro\/afacerea\/","name":"Afacerea","description":"","potentialAction":[{"@type":"SearchAction","target":{"@type":"EntryPoint","urlTemplate":"https:\/\/revista-afacerea.ro\/afacerea\/?s={search_term_string}"},"query-input":{"@type":"PropertyValueSpecification","valueRequired":true,"valueName":"search_term_string"}}],"inLanguage":"ro-RO"},{"@type":"Person","@id":"https:\/\/revista-afacerea.ro\/afacerea\/#\/schema\/person\/ceb65c8cc8ed64d512809cf287a5c09f","name":"\u0218erb\u0103nescu Cristina","image":{"@type":"ImageObject","inLanguage":"ro-RO","@id":"https:\/\/revista-afacerea.ro\/afacerea\/#\/schema\/person\/image\/","url":"https:\/\/secure.gravatar.com\/avatar\/4cd5c0bd17d39883f148ea9bb5d3745b?s=96&d=mm&r=g","contentUrl":"https:\/\/secure.gravatar.com\/avatar\/4cd5c0bd17d39883f148ea9bb5d3745b?s=96&d=mm&r=g","caption":"\u0218erb\u0103nescu Cristina"},"url":"https:\/\/revista-afacerea.ro\/afacerea\/author\/cristina-serbanescu\/"}]}},"_links":{"self":[{"href":"https:\/\/revista-afacerea.ro\/afacerea\/wp-json\/wp\/v2\/posts\/2147","targetHints":{"allow":["GET"]}}],"collection":[{"href":"https:\/\/revista-afacerea.ro\/afacerea\/wp-json\/wp\/v2\/posts"}],"about":[{"href":"https:\/\/revista-afacerea.ro\/afacerea\/wp-json\/wp\/v2\/types\/post"}],"author":[{"embeddable":true,"href":"https:\/\/revista-afacerea.ro\/afacerea\/wp-json\/wp\/v2\/users\/2"}],"replies":[{"embeddable":true,"href":"https:\/\/revista-afacerea.ro\/afacerea\/wp-json\/wp\/v2\/comments?post=2147"}],"version-history":[{"count":3,"href":"https:\/\/revista-afacerea.ro\/afacerea\/wp-json\/wp\/v2\/posts\/2147\/revisions"}],"predecessor-version":[{"id":2506,"href":"https:\/\/revista-afacerea.ro\/afacerea\/wp-json\/wp\/v2\/posts\/2147\/revisions\/2506"}],"wp:featuredmedia":[{"embeddable":true,"href":"https:\/\/revista-afacerea.ro\/afacerea\/wp-json\/wp\/v2\/media\/2504"}],"wp:attachment":[{"href":"https:\/\/revista-afacerea.ro\/afacerea\/wp-json\/wp\/v2\/media?parent=2147"}],"wp:term":[{"taxonomy":"category","embeddable":true,"href":"https:\/\/revista-afacerea.ro\/afacerea\/wp-json\/wp\/v2\/categories?post=2147"},{"taxonomy":"post_tag","embeddable":true,"href":"https:\/\/revista-afacerea.ro\/afacerea\/wp-json\/wp\/v2\/tags?post=2147"}],"curies":[{"name":"wp","href":"https:\/\/api.w.org\/{rel}","templated":true}]}}